{"id":3630,"date":"2019-03-20T16:42:50","date_gmt":"2019-03-20T15:42:50","guid":{"rendered":"https:\/\/stemarie-derval.fr\/?p=3630"},"modified":"2019-04-20T16:43:21","modified_gmt":"2019-04-20T14:43:21","slug":"recyclage-papiers","status":"publish","type":"post","link":"https:\/\/stemarie-derval.fr\/?p=3630","title":{"rendered":"Recyclage papiers"},"content":{"rendered":"<p>Les membres de l&rsquo;APEL ont plac\u00e9 sous le pr\u00e9au un grand bac de tri pour le papier et les sachets d&#8217;emballage.&nbsp;<\/p>\n<p>Avec la classe, nous y avons vid\u00e9 notre corbeille \u00e0 papiers pour la premi\u00e8re fois. Chaque semaine, deux responsables iront la vider \u00e0 partir de maintenant !<\/p>\n<p>Plus l&rsquo;\u00e9cole aura r\u00e9colt\u00e9 de papiers et plus les b\u00e9n\u00e9fices seront importants !!!!&nbsp;<\/p>\n<p>N&rsquo;h\u00e9sitez pas \u00e0 apporter ceux de la maison !!!<\/p>\n<p>[ngg src=\u00a0\u00bbgalleries\u00a0\u00bb ids=\u00a0\u00bb133&Prime; display=\u00a0\u00bbbasic_thumbnail\u00a0\u00bb]<\/p>\n","protected":false},"excerpt":{"rendered":"<p>Les membres de l&rsquo;APEL ont plac\u00e9 sous le pr\u00e9au un grand bac de tri pour le papier et les sachets d&#8217;emballage.&nbsp; Avec la classe, nous y avons vid\u00e9 notre corbeille \u00e0 papiers pour la premi\u00e8re fois. Chaque semaine, deux responsables iront la vider \u00e0 partir de maintenant ! Plus l&rsquo;\u00e9cole aura r\u00e9colt\u00e9 de papiers et<\/p>\n<p><a href=\"https:\/\/stemarie-derval.fr\/?p=3630\" class=\"more-link themebutton\">Lire la suite<\/a><\/p>\n","protected":false},"author":16,"featured_media":0,"comment_status":"closed","ping_status":"closed","sticky":false,"template":"","format":"standard","meta":{"footnotes":""},"categories":[9],"tags":[],"_links":{"self":[{"href":"https:\/\/stemarie-derval.fr\/index.php?rest_route=\/wp\/v2\/posts\/3630"}],"collection":[{"href":"https:\/\/stemarie-derval.fr\/index.php?rest_route=\/wp\/v2\/posts"}],"about":[{"href":"https:\/\/stemarie-derval.fr\/index.php?rest_route=\/wp\/v2\/types\/post"}],"author":[{"embeddable":true,"href":"https:\/\/stemarie-derval.fr\/index.php?rest_route=\/wp\/v2\/users\/16"}],"replies":[{"embeddable":true,"href":"https:\/\/stemarie-derval.fr\/index.php?rest_route=%2Fwp%2Fv2%2Fcomments&post=3630"}],"version-history":[{"count":1,"href":"https:\/\/stemarie-derval.fr\/index.php?rest_route=\/wp\/v2\/posts\/3630\/revisions"}],"predecessor-version":[{"id":3636,"href":"https:\/\/stemarie-derval.fr\/index.php?rest_route=\/wp\/v2\/posts\/3630\/revisions\/3636"}],"wp:attachment":[{"href":"https:\/\/stemarie-derval.fr\/index.php?rest_route=%2Fwp%2Fv2%2Fmedia&parent=3630"}],"wp:term":[{"taxonomy":"category","embeddable":true,"href":"https:\/\/stemarie-derval.fr\/index.php?rest_route=%2Fwp%2Fv2%2Fcategories&post=3630"},{"taxonomy":"post_tag","embeddable":true,"href":"https:\/\/stemarie-derval.fr\/index.php?rest_route=%2Fwp%2Fv2%2Ftags&post=3630"}],"curies":[{"name":"wp","href":"https:\/\/api.w.org\/{rel}","templated":true}]}}