{"id":3644,"date":"2019-04-04T14:49:06","date_gmt":"2019-04-04T12:49:06","guid":{"rendered":"https:\/\/stemarie-derval.fr\/?p=3644"},"modified":"2019-04-04T14:49:06","modified_gmt":"2019-04-04T12:49:06","slug":"rencontre-avec-lilian-thuram-21-mars-2019","status":"publish","type":"post","link":"https:\/\/stemarie-derval.fr\/?p=3644","title":{"rendered":"Rencontre avec Lilian Thuram &#8211; 21 mars 2019"},"content":{"rendered":"<p>Le 21 mars 2019, les \u00e9l\u00e8ves de CM1 et CM2 ont eu l&rsquo;occasion de passer la matin\u00e9e avec Lilian Thuram \u00e0 la salle municipale de Sion les Mines avec quelques coll\u00e9giens de Derval, de Ch\u00e2teaubriant et les \u00e9l\u00e8ves des \u00e9coles de Lusanger et Sion.<\/p>\n<p>Lilian Thuram est venu nous pr\u00e9senter sa fondation qui lutte contre toutes les formes de discriminations.<\/p>\n<p>Ils ont particip\u00e9 \u00e0 un atelier, ont accueilli Lilian Thuram avec le chant \u00ab\u00a0Imagine\u00a0\u00bbde John Lennon que les enfants avaient appris en classe pr\u00e9c\u00e9demment.<\/p>\n<p>La rencontre s&rsquo;est organis\u00e9e autour d&rsquo;un \u00e9change de questions entre le fondateur de cette association et les enfants.<\/p>\n<p>Avant de partir, Lilian Thuram a accept\u00e9 de participer \u00e0&nbsp; une s\u00e9ance de photos de groupes. Pour son anniversaire, Yoline a eu le privil\u00e8ge de poser avec lui.<\/p>\n<p>Vous pouvez visionner le diaporama ci-dessous.<\/p>\n<p>[ngg src=\u00a0\u00bbgalleries\u00a0\u00bb ids=\u00a0\u00bb137&Prime; display=\u00a0\u00bbbasic_slideshow\u00a0\u00bb]<\/p>\n","protected":false},"excerpt":{"rendered":"<p>Le 21 mars 2019, les \u00e9l\u00e8ves de CM1 et CM2 ont eu l&rsquo;occasion de passer la matin\u00e9e avec Lilian Thuram \u00e0 la salle municipale de Sion les Mines avec quelques coll\u00e9giens de Derval, de Ch\u00e2teaubriant et les \u00e9l\u00e8ves des \u00e9coles de Lusanger et Sion. Lilian Thuram est venu nous pr\u00e9senter sa fondation qui lutte contre<\/p>\n<p><a href=\"https:\/\/stemarie-derval.fr\/?p=3644\" class=\"more-link themebutton\">Lire la suite<\/a><\/p>\n","protected":false},"author":10,"featured_media":0,"comment_status":"closed","ping_status":"closed","sticky":false,"template":"","format":"standard","meta":{"footnotes":""},"categories":[5,4],"tags":[],"_links":{"self":[{"href":"https:\/\/stemarie-derval.fr\/index.php?rest_route=\/wp\/v2\/posts\/3644"}],"collection":[{"href":"https:\/\/stemarie-derval.fr\/index.php?rest_route=\/wp\/v2\/posts"}],"about":[{"href":"https:\/\/stemarie-derval.fr\/index.php?rest_route=\/wp\/v2\/types\/post"}],"author":[{"embeddable":true,"href":"https:\/\/stemarie-derval.fr\/index.php?rest_route=\/wp\/v2\/users\/10"}],"replies":[{"embeddable":true,"href":"https:\/\/stemarie-derval.fr\/index.php?rest_route=%2Fwp%2Fv2%2Fcomments&post=3644"}],"version-history":[{"count":5,"href":"https:\/\/stemarie-derval.fr\/index.php?rest_route=\/wp\/v2\/posts\/3644\/revisions"}],"predecessor-version":[{"id":3671,"href":"https:\/\/stemarie-derval.fr\/index.php?rest_route=\/wp\/v2\/posts\/3644\/revisions\/3671"}],"wp:attachment":[{"href":"https:\/\/stemarie-derval.fr\/index.php?rest_route=%2Fwp%2Fv2%2Fmedia&parent=3644"}],"wp:term":[{"taxonomy":"category","embeddable":true,"href":"https:\/\/stemarie-derval.fr\/index.php?rest_route=%2Fwp%2Fv2%2Fcategories&post=3644"},{"taxonomy":"post_tag","embeddable":true,"href":"https:\/\/stemarie-derval.fr\/index.php?rest_route=%2Fwp%2Fv2%2Ftags&post=3644"}],"curies":[{"name":"wp","href":"https:\/\/api.w.org\/{rel}","templated":true}]}}