{"id":3673,"date":"2019-04-20T16:04:27","date_gmt":"2019-04-20T14:04:27","guid":{"rendered":"https:\/\/stemarie-derval.fr\/?p=3673"},"modified":"2019-04-20T16:42:26","modified_gmt":"2019-04-20T14:42:26","slug":"le-100-eme-jour-decole","status":"publish","type":"post","link":"https:\/\/stemarie-derval.fr\/?p=3673","title":{"rendered":"Le 100 \u00e8me jour d&rsquo;\u00e9cole !!!"},"content":{"rendered":"<p>Le vendredi 5 avril 2019 nous avons f\u00eat\u00e9 notre 100 \u00e8me jour d&rsquo;\u00e9cole.&nbsp;<\/p>\n<p>Pour cette occasion, le fonctionnement de la classe a \u00e9t\u00e9 chamboul\u00e9. Nous avons r\u00e9alis\u00e9 des ateliers tout au long de la journ\u00e9e autour du nombre 100 : les 100 d\u00e9fis de maths, les 100 noms communs, les 100 verbes, les 100 noms propres, la fabrication de lunettes du nombre 100 et enfin nous devions trouver 100 petits bonheurs !<\/p>\n<p>Chaque \u00e9l\u00e8ve devait apporter pour cette journ\u00e9e une collection de 100 objets&#8230;Cela a \u00e9t\u00e9 un r\u00e9el succ\u00e8s et des id\u00e9es toutes tr\u00e8s originales. Vous trouverez en image les photos de toutes les collections des enfants. Les diff\u00e9rentes classes de l&rsquo;\u00e9cole sont d&rsquo;ailleurs venues observer nos collections.<\/p>\n<p>Nous avons eu un fil rouge tout au long de la journ\u00e9e : r\u00e9aliser 100 cr\u00eapes !!!!!! Objectif atteint car nous en avons fait pr\u00e8s de 190 !!!!!&nbsp;<\/p>\n<p>Nous avons donc invit\u00e9 les classes de Val\u00e9rie, de Julie et de John pour partager le go\u00fbter du centi\u00e8me jour.&nbsp;<\/p>\n<p>C&rsquo;\u00e9tait une tr\u00e8s belle journ\u00e9e !<\/p>\n<p>[ngg src=\u00a0\u00bbgalleries\u00a0\u00bb ids=\u00a0\u00bb138&Prime; display=\u00a0\u00bbbasic_slideshow\u00a0\u00bb]<\/p>\n","protected":false},"excerpt":{"rendered":"<p>Le vendredi 5 avril 2019 nous avons f\u00eat\u00e9 notre 100 \u00e8me jour d&rsquo;\u00e9cole.&nbsp; Pour cette occasion, le fonctionnement de la classe a \u00e9t\u00e9 chamboul\u00e9. Nous avons r\u00e9alis\u00e9 des ateliers tout au long de la journ\u00e9e autour du nombre 100 : les 100 d\u00e9fis de maths, les 100 noms communs, les 100 verbes, les 100 noms<\/p>\n<p><a href=\"https:\/\/stemarie-derval.fr\/?p=3673\" class=\"more-link themebutton\">Lire la suite<\/a><\/p>\n","protected":false},"author":16,"featured_media":0,"comment_status":"closed","ping_status":"closed","sticky":false,"template":"","format":"standard","meta":{"footnotes":""},"categories":[9],"tags":[],"_links":{"self":[{"href":"https:\/\/stemarie-derval.fr\/index.php?rest_route=\/wp\/v2\/posts\/3673"}],"collection":[{"href":"https:\/\/stemarie-derval.fr\/index.php?rest_route=\/wp\/v2\/posts"}],"about":[{"href":"https:\/\/stemarie-derval.fr\/index.php?rest_route=\/wp\/v2\/types\/post"}],"author":[{"embeddable":true,"href":"https:\/\/stemarie-derval.fr\/index.php?rest_route=\/wp\/v2\/users\/16"}],"replies":[{"embeddable":true,"href":"https:\/\/stemarie-derval.fr\/index.php?rest_route=%2Fwp%2Fv2%2Fcomments&post=3673"}],"version-history":[{"count":3,"href":"https:\/\/stemarie-derval.fr\/index.php?rest_route=\/wp\/v2\/posts\/3673\/revisions"}],"predecessor-version":[{"id":3705,"href":"https:\/\/stemarie-derval.fr\/index.php?rest_route=\/wp\/v2\/posts\/3673\/revisions\/3705"}],"wp:attachment":[{"href":"https:\/\/stemarie-derval.fr\/index.php?rest_route=%2Fwp%2Fv2%2Fmedia&parent=3673"}],"wp:term":[{"taxonomy":"category","embeddable":true,"href":"https:\/\/stemarie-derval.fr\/index.php?rest_route=%2Fwp%2Fv2%2Fcategories&post=3673"},{"taxonomy":"post_tag","embeddable":true,"href":"https:\/\/stemarie-derval.fr\/index.php?rest_route=%2Fwp%2Fv2%2Ftags&post=3673"}],"curies":[{"name":"wp","href":"https:\/\/api.w.org\/{rel}","templated":true}]}}