{"id":3896,"date":"2019-06-20T20:52:31","date_gmt":"2019-06-20T18:52:31","guid":{"rendered":"https:\/\/stemarie-derval.fr\/?p=3896"},"modified":"2019-06-20T20:52:31","modified_gmt":"2019-06-20T18:52:31","slug":"vioreau","status":"publish","type":"post","link":"https:\/\/stemarie-derval.fr\/?p=3896","title":{"rendered":"Vioreau"},"content":{"rendered":"<p>Les 27 et 28 mai, tous les ce1 et ce2 de l&rsquo;\u00e9cole sont all\u00e9s au lac de Vioreau pour deux grandes journ\u00e9es sportives.<\/p>\n<p>Quatre activit\u00e9s y \u00e9taient propos\u00e9es :<\/p>\n<p>&#8211; tir \u00e0 l&rsquo;arc<\/p>\n<p>&#8211; course d&rsquo;orientation<\/p>\n<p>&#8211; cano\u00eb<\/p>\n<p>&#8211; escalade<\/p>\n<p>Vous trouverez ci-dessous le diaporama de ces deux journ\u00e9es<\/p>\n<p><iframe loading=\"lazy\" title=\"vioreau\" width=\"1170\" height=\"658\" src=\"https:\/\/www.youtube.com\/embed\/P73NT4XqZFw?feature=oembed\" frameborder=\"0\" allow=\"accelerometer; autoplay; encrypted-media; gyroscope; picture-in-picture\" allowfullscreen><\/iframe><\/p>\n","protected":false},"excerpt":{"rendered":"<p>Les 27 et 28 mai, tous les ce1 et ce2 de l&rsquo;\u00e9cole sont all\u00e9s au lac de Vioreau pour deux grandes journ\u00e9es sportives. Quatre activit\u00e9s y \u00e9taient propos\u00e9es : &#8211; tir \u00e0 l&rsquo;arc &#8211; course d&rsquo;orientation &#8211; cano\u00eb &#8211; escalade Vous trouverez ci-dessous le diaporama de ces deux journ\u00e9es<\/p>\n","protected":false},"author":9,"featured_media":0,"comment_status":"closed","ping_status":"closed","sticky":false,"template":"","format":"standard","meta":{"footnotes":""},"categories":[6,9,7],"tags":[],"_links":{"self":[{"href":"https:\/\/stemarie-derval.fr\/index.php?rest_route=\/wp\/v2\/posts\/3896"}],"collection":[{"href":"https:\/\/stemarie-derval.fr\/index.php?rest_route=\/wp\/v2\/posts"}],"about":[{"href":"https:\/\/stemarie-derval.fr\/index.php?rest_route=\/wp\/v2\/types\/post"}],"author":[{"embeddable":true,"href":"https:\/\/stemarie-derval.fr\/index.php?rest_route=\/wp\/v2\/users\/9"}],"replies":[{"embeddable":true,"href":"https:\/\/stemarie-derval.fr\/index.php?rest_route=%2Fwp%2Fv2%2Fcomments&post=3896"}],"version-history":[{"count":1,"href":"https:\/\/stemarie-derval.fr\/index.php?rest_route=\/wp\/v2\/posts\/3896\/revisions"}],"predecessor-version":[{"id":3897,"href":"https:\/\/stemarie-derval.fr\/index.php?rest_route=\/wp\/v2\/posts\/3896\/revisions\/3897"}],"wp:attachment":[{"href":"https:\/\/stemarie-derval.fr\/index.php?rest_route=%2Fwp%2Fv2%2Fmedia&parent=3896"}],"wp:term":[{"taxonomy":"category","embeddable":true,"href":"https:\/\/stemarie-derval.fr\/index.php?rest_route=%2Fwp%2Fv2%2Fcategories&post=3896"},{"taxonomy":"post_tag","embeddable":true,"href":"https:\/\/stemarie-derval.fr\/index.php?rest_route=%2Fwp%2Fv2%2Ftags&post=3896"}],"curies":[{"name":"wp","href":"https:\/\/api.w.org\/{rel}","templated":true}]}}