{"id":3914,"date":"2019-09-05T22:42:35","date_gmt":"2019-09-05T20:42:35","guid":{"rendered":"https:\/\/stemarie-derval.fr\/?p=3914"},"modified":"2019-09-05T22:42:35","modified_gmt":"2019-09-05T20:42:35","slug":"presentation-de-notre-classe","status":"publish","type":"post","link":"https:\/\/stemarie-derval.fr\/?p=3914","title":{"rendered":"Pr\u00e9sentation de notre classe"},"content":{"rendered":"<p>Une nouvelle ann\u00e9e scolaire commence !<\/p>\n<p>Dans notre classe de ce1, nous sommes 23 \u00e9l\u00e8ves: 15 filles et 8 gar\u00e7ons.&nbsp; Tous contents d&rsquo;avoir retrouv\u00e9 le chemin de l&rsquo;\u00e9cole !<\/p>\n<p><a href=\"https:\/\/stemarie-derval.fr\/wp-content\/uploads\/2019\/09\/DSC_01241.jpg\"><img loading=\"lazy\" decoding=\"async\" class=\"aligncenter size-large wp-image-3917\" src=\"https:\/\/stemarie-derval.fr\/wp-content\/uploads\/2019\/09\/DSC_01241-1024x578.jpg\" alt=\"\" width=\"960\" height=\"542\" srcset=\"https:\/\/stemarie-derval.fr\/wp-content\/uploads\/2019\/09\/DSC_01241-1024x578.jpg 1024w, https:\/\/stemarie-derval.fr\/wp-content\/uploads\/2019\/09\/DSC_01241-300x169.jpg 300w, https:\/\/stemarie-derval.fr\/wp-content\/uploads\/2019\/09\/DSC_01241-768x433.jpg 768w, https:\/\/stemarie-derval.fr\/wp-content\/uploads\/2019\/09\/DSC_01241.jpg 1920w\" sizes=\"(max-width: 960px) 100vw, 960px\" \/><\/a><\/p>\n<p>&nbsp;<\/p>\n<p>&nbsp;<\/p>\n","protected":false},"excerpt":{"rendered":"<p>Une nouvelle ann\u00e9e scolaire commence ! Dans notre classe de ce1, nous sommes 23 \u00e9l\u00e8ves: 15 filles et 8 gar\u00e7ons.&nbsp; Tous contents d&rsquo;avoir retrouv\u00e9 le chemin de l&rsquo;\u00e9cole ! &nbsp; &nbsp;<\/p>\n","protected":false},"author":9,"featured_media":0,"comment_status":"closed","ping_status":"closed","sticky":false,"template":"","format":"standard","meta":{"footnotes":""},"categories":[7],"tags":[],"_links":{"self":[{"href":"https:\/\/stemarie-derval.fr\/index.php?rest_route=\/wp\/v2\/posts\/3914"}],"collection":[{"href":"https:\/\/stemarie-derval.fr\/index.php?rest_route=\/wp\/v2\/posts"}],"about":[{"href":"https:\/\/stemarie-derval.fr\/index.php?rest_route=\/wp\/v2\/types\/post"}],"author":[{"embeddable":true,"href":"https:\/\/stemarie-derval.fr\/index.php?rest_route=\/wp\/v2\/users\/9"}],"replies":[{"embeddable":true,"href":"https:\/\/stemarie-derval.fr\/index.php?rest_route=%2Fwp%2Fv2%2Fcomments&post=3914"}],"version-history":[{"count":3,"href":"https:\/\/stemarie-derval.fr\/index.php?rest_route=\/wp\/v2\/posts\/3914\/revisions"}],"predecessor-version":[{"id":3918,"href":"https:\/\/stemarie-derval.fr\/index.php?rest_route=\/wp\/v2\/posts\/3914\/revisions\/3918"}],"wp:attachment":[{"href":"https:\/\/stemarie-derval.fr\/index.php?rest_route=%2Fwp%2Fv2%2Fmedia&parent=3914"}],"wp:term":[{"taxonomy":"category","embeddable":true,"href":"https:\/\/stemarie-derval.fr\/index.php?rest_route=%2Fwp%2Fv2%2Fcategories&post=3914"},{"taxonomy":"post_tag","embeddable":true,"href":"https:\/\/stemarie-derval.fr\/index.php?rest_route=%2Fwp%2Fv2%2Ftags&post=3914"}],"curies":[{"name":"wp","href":"https:\/\/api.w.org\/{rel}","templated":true}]}}