{"id":3923,"date":"2019-09-07T08:16:43","date_gmt":"2019-09-07T06:16:43","guid":{"rendered":"https:\/\/stemarie-derval.fr\/?p=3923"},"modified":"2019-09-07T08:16:43","modified_gmt":"2019-09-07T06:16:43","slug":"les-videos-de-la-foire-de-bere","status":"publish","type":"post","link":"https:\/\/stemarie-derval.fr\/?p=3923","title":{"rendered":"Les vid\u00e9os de la foire de B\u00e9r\u00e9"},"content":{"rendered":"<p>Vous trouverez ci-dessous quelques images retra\u00e7ant notre visite \u00e0 la foire de B\u00e9r\u00e9 lors de l&rsquo;atelier \u00ab\u00a0c\u00e9r\u00e9ales et pain\u00a0\u00bb<\/p>\n<p><iframe loading=\"lazy\" width=\"560\" height=\"315\" src=\"https:\/\/www.youtube.com\/embed\/EAycOPFAIlI?controls=0\" frameborder=\"0\" allow=\"accelerometer; autoplay; encrypted-media; gyroscope; picture-in-picture\" allowfullscreen><\/iframe> <\/p>\n","protected":false},"excerpt":{"rendered":"<p>Vous trouverez ci-dessous quelques images retra\u00e7ant notre visite \u00e0 la foire de B\u00e9r\u00e9 lors de l&rsquo;atelier \u00ab\u00a0c\u00e9r\u00e9ales et pain\u00a0\u00bb<\/p>\n","protected":false},"author":9,"featured_media":0,"comment_status":"closed","ping_status":"closed","sticky":false,"template":"","format":"standard","meta":{"footnotes":""},"categories":[9,7],"tags":[],"_links":{"self":[{"href":"https:\/\/stemarie-derval.fr\/index.php?rest_route=\/wp\/v2\/posts\/3923"}],"collection":[{"href":"https:\/\/stemarie-derval.fr\/index.php?rest_route=\/wp\/v2\/posts"}],"about":[{"href":"https:\/\/stemarie-derval.fr\/index.php?rest_route=\/wp\/v2\/types\/post"}],"author":[{"embeddable":true,"href":"https:\/\/stemarie-derval.fr\/index.php?rest_route=\/wp\/v2\/users\/9"}],"replies":[{"embeddable":true,"href":"https:\/\/stemarie-derval.fr\/index.php?rest_route=%2Fwp%2Fv2%2Fcomments&post=3923"}],"version-history":[{"count":3,"href":"https:\/\/stemarie-derval.fr\/index.php?rest_route=\/wp\/v2\/posts\/3923\/revisions"}],"predecessor-version":[{"id":3926,"href":"https:\/\/stemarie-derval.fr\/index.php?rest_route=\/wp\/v2\/posts\/3923\/revisions\/3926"}],"wp:attachment":[{"href":"https:\/\/stemarie-derval.fr\/index.php?rest_route=%2Fwp%2Fv2%2Fmedia&parent=3923"}],"wp:term":[{"taxonomy":"category","embeddable":true,"href":"https:\/\/stemarie-derval.fr\/index.php?rest_route=%2Fwp%2Fv2%2Fcategories&post=3923"},{"taxonomy":"post_tag","embeddable":true,"href":"https:\/\/stemarie-derval.fr\/index.php?rest_route=%2Fwp%2Fv2%2Ftags&post=3923"}],"curies":[{"name":"wp","href":"https:\/\/api.w.org\/{rel}","templated":true}]}}