{"id":3927,"date":"2019-09-07T19:46:18","date_gmt":"2019-09-07T17:46:18","guid":{"rendered":"https:\/\/stemarie-derval.fr\/?p=3927"},"modified":"2019-09-07T19:46:18","modified_gmt":"2019-09-07T17:46:18","slug":"notre-premiere-poesie-en-musique","status":"publish","type":"post","link":"https:\/\/stemarie-derval.fr\/?p=3927","title":{"rendered":"Notre premi\u00e8re po\u00e9sie en musique"},"content":{"rendered":"<p>Nous avons d\u00e9couvert notre premi\u00e8re po\u00e9sie qui s&rsquo;intitule \u00ab\u00a0Je voulais dans mon cartable\u00a0\u00bb.<\/p>\n<p>Comme il va falloir l&rsquo;apprendre par c\u0153ur, nous avons partag\u00e9 en classe nos astuces pour m\u00e9moriser plus facilement les po\u00e9sies: lire plusieurs fois, raconter \u00e0 voix haute, recopier, apprendre petit \u00e0 petit, &#8230;<\/p>\n<p>Certains nous ont expliqu\u00e9 que chanter ou mettre en musique les aidait \u00e0 mieux retenir. Et \u00e7a tombe bien, car un artiste, Gr\u00e9goire, a justement mis en musique notre po\u00e9sie!<\/p>\n<p>Vous trouverez la chanson en cliquant sur la piste ci-dessous.<\/p>\n<!--[if lt IE 9]><script>document.createElement('audio');<\/script><![endif]-->\n<audio class=\"wp-audio-shortcode\" id=\"audio-3927-1\" preload=\"none\" style=\"width: 100%;\" controls=\"controls\"><source type=\"audio\/mpeg\" src=\"https:\/\/stemarie-derval.fr\/wp-content\/uploads\/2019\/09\/gregoire-je-voulais-dans-mon-cartable-pierre-ruaud-poesies-de-mon-enfance.mp3?_=1\" \/><a href=\"https:\/\/stemarie-derval.fr\/wp-content\/uploads\/2019\/09\/gregoire-je-voulais-dans-mon-cartable-pierre-ruaud-poesies-de-mon-enfance.mp3\">https:\/\/stemarie-derval.fr\/wp-content\/uploads\/2019\/09\/gregoire-je-voulais-dans-mon-cartable-pierre-ruaud-poesies-de-mon-enfance.mp3<\/a><\/audio>\n<p>&nbsp;<\/p>\n","protected":false},"excerpt":{"rendered":"<p>Nous avons d\u00e9couvert notre premi\u00e8re po\u00e9sie qui s&rsquo;intitule \u00ab\u00a0Je voulais dans mon cartable\u00a0\u00bb. Comme il va falloir l&rsquo;apprendre par c\u0153ur, nous avons partag\u00e9 en classe nos astuces pour m\u00e9moriser plus facilement les po\u00e9sies: lire plusieurs fois, raconter \u00e0 voix haute, recopier, apprendre petit \u00e0 petit, &#8230; Certains nous ont expliqu\u00e9 que chanter ou mettre en<\/p>\n<p><a href=\"https:\/\/stemarie-derval.fr\/?p=3927\" class=\"more-link themebutton\">Lire la suite<\/a><\/p>\n","protected":false},"author":9,"featured_media":0,"comment_status":"closed","ping_status":"closed","sticky":false,"template":"","format":"standard","meta":{"footnotes":""},"categories":[7],"tags":[],"_links":{"self":[{"href":"https:\/\/stemarie-derval.fr\/index.php?rest_route=\/wp\/v2\/posts\/3927"}],"collection":[{"href":"https:\/\/stemarie-derval.fr\/index.php?rest_route=\/wp\/v2\/posts"}],"about":[{"href":"https:\/\/stemarie-derval.fr\/index.php?rest_route=\/wp\/v2\/types\/post"}],"author":[{"embeddable":true,"href":"https:\/\/stemarie-derval.fr\/index.php?rest_route=\/wp\/v2\/users\/9"}],"replies":[{"embeddable":true,"href":"https:\/\/stemarie-derval.fr\/index.php?rest_route=%2Fwp%2Fv2%2Fcomments&post=3927"}],"version-history":[{"count":2,"href":"https:\/\/stemarie-derval.fr\/index.php?rest_route=\/wp\/v2\/posts\/3927\/revisions"}],"predecessor-version":[{"id":3931,"href":"https:\/\/stemarie-derval.fr\/index.php?rest_route=\/wp\/v2\/posts\/3927\/revisions\/3931"}],"wp:attachment":[{"href":"https:\/\/stemarie-derval.fr\/index.php?rest_route=%2Fwp%2Fv2%2Fmedia&parent=3927"}],"wp:term":[{"taxonomy":"category","embeddable":true,"href":"https:\/\/stemarie-derval.fr\/index.php?rest_route=%2Fwp%2Fv2%2Fcategories&post=3927"},{"taxonomy":"post_tag","embeddable":true,"href":"https:\/\/stemarie-derval.fr\/index.php?rest_route=%2Fwp%2Fv2%2Ftags&post=3927"}],"curies":[{"name":"wp","href":"https:\/\/api.w.org\/{rel}","templated":true}]}}