{"id":3944,"date":"2019-09-11T22:55:14","date_gmt":"2019-09-11T20:55:14","guid":{"rendered":"https:\/\/stemarie-derval.fr\/?p=3944"},"modified":"2019-09-11T22:55:14","modified_gmt":"2019-09-11T20:55:14","slug":"le-chant-de-rentree","status":"publish","type":"post","link":"https:\/\/stemarie-derval.fr\/?p=3944","title":{"rendered":"Le chant de rentr\u00e9e"},"content":{"rendered":"<p>Mardi 24 septembre, toutes les classes de l&rsquo;\u00e9cole se rassembleront dans la cour pour une premi\u00e8re assembl\u00e9e d&rsquo;enfants.<\/p>\n<p>Ce sera l&rsquo;occasion de se retrouver tous ensemble mais surtout de pr\u00e9senter les nouveaux \u00e9l\u00e8ves, les nouveaux enseignants et les d\u00e9l\u00e9gu\u00e9s de chaque classe.<\/p>\n<p>Nous terminerons ce moment de partage par un chant commun que nous avons d\u00e9couvert r\u00e9cemment et qui s&rsquo;intitule \u00ab\u00a0Copains du monde\u00a0\u00bb.<\/p>\n<p>Vous pouvez \u00e9couter cette chanson en cliquant ci-dessous.<\/p>\n<!--[if lt IE 9]><script>document.createElement('audio');<\/script><![endif]-->\n<audio class=\"wp-audio-shortcode\" id=\"audio-3944-1\" preload=\"none\" style=\"width: 100%;\" controls=\"controls\"><source type=\"audio\/mpeg\" src=\"https:\/\/stemarie-derval.fr\/wp-content\/uploads\/2019\/09\/copains-du-monde-les-enfantastiques.mp3?_=1\" \/><a href=\"https:\/\/stemarie-derval.fr\/wp-content\/uploads\/2019\/09\/copains-du-monde-les-enfantastiques.mp3\">https:\/\/stemarie-derval.fr\/wp-content\/uploads\/2019\/09\/copains-du-monde-les-enfantastiques.mp3<\/a><\/audio>\n<p>&nbsp;<\/p>\n","protected":false},"excerpt":{"rendered":"<p>Mardi 24 septembre, toutes les classes de l&rsquo;\u00e9cole se rassembleront dans la cour pour une premi\u00e8re assembl\u00e9e d&rsquo;enfants. Ce sera l&rsquo;occasion de se retrouver tous ensemble mais surtout de pr\u00e9senter les nouveaux \u00e9l\u00e8ves, les nouveaux enseignants et les d\u00e9l\u00e9gu\u00e9s de chaque classe. Nous terminerons ce moment de partage par un chant commun que nous avons<\/p>\n<p><a href=\"https:\/\/stemarie-derval.fr\/?p=3944\" class=\"more-link themebutton\">Lire la suite<\/a><\/p>\n","protected":false},"author":9,"featured_media":0,"comment_status":"closed","ping_status":"closed","sticky":false,"template":"","format":"standard","meta":{"footnotes":""},"categories":[7],"tags":[],"_links":{"self":[{"href":"https:\/\/stemarie-derval.fr\/index.php?rest_route=\/wp\/v2\/posts\/3944"}],"collection":[{"href":"https:\/\/stemarie-derval.fr\/index.php?rest_route=\/wp\/v2\/posts"}],"about":[{"href":"https:\/\/stemarie-derval.fr\/index.php?rest_route=\/wp\/v2\/types\/post"}],"author":[{"embeddable":true,"href":"https:\/\/stemarie-derval.fr\/index.php?rest_route=\/wp\/v2\/users\/9"}],"replies":[{"embeddable":true,"href":"https:\/\/stemarie-derval.fr\/index.php?rest_route=%2Fwp%2Fv2%2Fcomments&post=3944"}],"version-history":[{"count":2,"href":"https:\/\/stemarie-derval.fr\/index.php?rest_route=\/wp\/v2\/posts\/3944\/revisions"}],"predecessor-version":[{"id":3948,"href":"https:\/\/stemarie-derval.fr\/index.php?rest_route=\/wp\/v2\/posts\/3944\/revisions\/3948"}],"wp:attachment":[{"href":"https:\/\/stemarie-derval.fr\/index.php?rest_route=%2Fwp%2Fv2%2Fmedia&parent=3944"}],"wp:term":[{"taxonomy":"category","embeddable":true,"href":"https:\/\/stemarie-derval.fr\/index.php?rest_route=%2Fwp%2Fv2%2Fcategories&post=3944"},{"taxonomy":"post_tag","embeddable":true,"href":"https:\/\/stemarie-derval.fr\/index.php?rest_route=%2Fwp%2Fv2%2Ftags&post=3944"}],"curies":[{"name":"wp","href":"https:\/\/api.w.org\/{rel}","templated":true}]}}