{"id":3950,"date":"2019-09-23T22:20:20","date_gmt":"2019-09-23T20:20:20","guid":{"rendered":"https:\/\/stemarie-derval.fr\/?p=3950"},"modified":"2019-09-23T22:20:20","modified_gmt":"2019-09-23T20:20:20","slug":"les-elections-de-delegues","status":"publish","type":"post","link":"https:\/\/stemarie-derval.fr\/?p=3950","title":{"rendered":"Les \u00e9lections de d\u00e9l\u00e9gu\u00e9s"},"content":{"rendered":"<p>Apr\u00e8s avoir d\u00e9fini le r\u00f4le des d\u00e9l\u00e9gu\u00e9s de classe et expliqu\u00e9 les diff\u00e9rentes \u00e9tapes d&rsquo;un vote, l&rsquo;\u00e9lection des d\u00e9l\u00e9gu\u00e9s a enfin pu d\u00e9buter !<\/p>\n<p>Nos 13 candidats sont donc entr\u00e9s en campagne: ils ont tous pr\u00e9par\u00e9 une affiche qu&rsquo;ils ont ensuite pr\u00e9sent\u00e9e \u00e0 la classe. Quel travail, et quel courage ! Nous les f\u00e9licitons et les remercions pour leur participation.<\/p>\n<p>Tous les enfants ont ensuite vot\u00e9 pour les deux \u00e9l\u00e8ves de leur choix.<\/p>\n<p>Vous trouverez les photos des candidats ainsi que le r\u00e9sultat de l&rsquo;\u00e9lection ci-dessous.<\/p>\n<p><iframe loading=\"lazy\" width=\"560\" height=\"315\" src=\"https:\/\/www.youtube.com\/embed\/zVxB1CEPLFc?rel=0\" frameborder=\"0\" allow=\"accelerometer; autoplay; encrypted-media; gyroscope; picture-in-picture\" allowfullscreen><\/iframe><\/p>\n","protected":false},"excerpt":{"rendered":"<p>Apr\u00e8s avoir d\u00e9fini le r\u00f4le des d\u00e9l\u00e9gu\u00e9s de classe et expliqu\u00e9 les diff\u00e9rentes \u00e9tapes d&rsquo;un vote, l&rsquo;\u00e9lection des d\u00e9l\u00e9gu\u00e9s a enfin pu d\u00e9buter ! Nos 13 candidats sont donc entr\u00e9s en campagne: ils ont tous pr\u00e9par\u00e9 une affiche qu&rsquo;ils ont ensuite pr\u00e9sent\u00e9e \u00e0 la classe. Quel travail, et quel courage ! Nous les f\u00e9licitons et<\/p>\n<p><a href=\"https:\/\/stemarie-derval.fr\/?p=3950\" class=\"more-link themebutton\">Lire la suite<\/a><\/p>\n","protected":false},"author":9,"featured_media":0,"comment_status":"closed","ping_status":"closed","sticky":false,"template":"","format":"standard","meta":{"footnotes":""},"categories":[7],"tags":[],"_links":{"self":[{"href":"https:\/\/stemarie-derval.fr\/index.php?rest_route=\/wp\/v2\/posts\/3950"}],"collection":[{"href":"https:\/\/stemarie-derval.fr\/index.php?rest_route=\/wp\/v2\/posts"}],"about":[{"href":"https:\/\/stemarie-derval.fr\/index.php?rest_route=\/wp\/v2\/types\/post"}],"author":[{"embeddable":true,"href":"https:\/\/stemarie-derval.fr\/index.php?rest_route=\/wp\/v2\/users\/9"}],"replies":[{"embeddable":true,"href":"https:\/\/stemarie-derval.fr\/index.php?rest_route=%2Fwp%2Fv2%2Fcomments&post=3950"}],"version-history":[{"count":3,"href":"https:\/\/stemarie-derval.fr\/index.php?rest_route=\/wp\/v2\/posts\/3950\/revisions"}],"predecessor-version":[{"id":3953,"href":"https:\/\/stemarie-derval.fr\/index.php?rest_route=\/wp\/v2\/posts\/3950\/revisions\/3953"}],"wp:attachment":[{"href":"https:\/\/stemarie-derval.fr\/index.php?rest_route=%2Fwp%2Fv2%2Fmedia&parent=3950"}],"wp:term":[{"taxonomy":"category","embeddable":true,"href":"https:\/\/stemarie-derval.fr\/index.php?rest_route=%2Fwp%2Fv2%2Fcategories&post=3950"},{"taxonomy":"post_tag","embeddable":true,"href":"https:\/\/stemarie-derval.fr\/index.php?rest_route=%2Fwp%2Fv2%2Ftags&post=3950"}],"curies":[{"name":"wp","href":"https:\/\/api.w.org\/{rel}","templated":true}]}}