{"id":3969,"date":"2019-09-27T22:48:56","date_gmt":"2019-09-27T20:48:56","guid":{"rendered":"https:\/\/stemarie-derval.fr\/?p=3969"},"modified":"2019-09-27T22:48:56","modified_gmt":"2019-09-27T20:48:56","slug":"la-semaine-des-canards","status":"publish","type":"post","link":"https:\/\/stemarie-derval.fr\/?p=3969","title":{"rendered":"La semaine des canards"},"content":{"rendered":"<p>Pour revoir les jours de la semaine, nous avons \u00e9cout\u00e9 une comptine qui nous aide \u00e0 les m\u00e9moriser dans l&rsquo;ordre.<\/p>\n<p>Vous pouvez la d\u00e9couvrir en cliquant ci-dessous.<\/p>\n<!--[if lt IE 9]><script>document.createElement('audio');<\/script><![endif]-->\n<audio class=\"wp-audio-shortcode\" id=\"audio-3969-1\" preload=\"none\" style=\"width: 100%;\" controls=\"controls\"><source type=\"audio\/mpeg\" src=\"https:\/\/stemarie-derval.fr\/wp-content\/uploads\/2019\/09\/La-semaine-des-canards.mp3?_=1\" \/><a href=\"https:\/\/stemarie-derval.fr\/wp-content\/uploads\/2019\/09\/La-semaine-des-canards.mp3\">https:\/\/stemarie-derval.fr\/wp-content\/uploads\/2019\/09\/La-semaine-des-canards.mp3<\/a><\/audio>\n<p>&nbsp;<\/p>\n<p>&nbsp;<\/p>\n","protected":false},"excerpt":{"rendered":"<p>Pour revoir les jours de la semaine, nous avons \u00e9cout\u00e9 une comptine qui nous aide \u00e0 les m\u00e9moriser dans l&rsquo;ordre. Vous pouvez la d\u00e9couvrir en cliquant ci-dessous. &nbsp; &nbsp;<\/p>\n","protected":false},"author":9,"featured_media":0,"comment_status":"closed","ping_status":"closed","sticky":false,"template":"","format":"standard","meta":{"footnotes":""},"categories":[7],"tags":[],"_links":{"self":[{"href":"https:\/\/stemarie-derval.fr\/index.php?rest_route=\/wp\/v2\/posts\/3969"}],"collection":[{"href":"https:\/\/stemarie-derval.fr\/index.php?rest_route=\/wp\/v2\/posts"}],"about":[{"href":"https:\/\/stemarie-derval.fr\/index.php?rest_route=\/wp\/v2\/types\/post"}],"author":[{"embeddable":true,"href":"https:\/\/stemarie-derval.fr\/index.php?rest_route=\/wp\/v2\/users\/9"}],"replies":[{"embeddable":true,"href":"https:\/\/stemarie-derval.fr\/index.php?rest_route=%2Fwp%2Fv2%2Fcomments&post=3969"}],"version-history":[{"count":2,"href":"https:\/\/stemarie-derval.fr\/index.php?rest_route=\/wp\/v2\/posts\/3969\/revisions"}],"predecessor-version":[{"id":3973,"href":"https:\/\/stemarie-derval.fr\/index.php?rest_route=\/wp\/v2\/posts\/3969\/revisions\/3973"}],"wp:attachment":[{"href":"https:\/\/stemarie-derval.fr\/index.php?rest_route=%2Fwp%2Fv2%2Fmedia&parent=3969"}],"wp:term":[{"taxonomy":"category","embeddable":true,"href":"https:\/\/stemarie-derval.fr\/index.php?rest_route=%2Fwp%2Fv2%2Fcategories&post=3969"},{"taxonomy":"post_tag","embeddable":true,"href":"https:\/\/stemarie-derval.fr\/index.php?rest_route=%2Fwp%2Fv2%2Ftags&post=3969"}],"curies":[{"name":"wp","href":"https:\/\/api.w.org\/{rel}","templated":true}]}}