{"id":4009,"date":"2019-10-13T20:23:40","date_gmt":"2019-10-13T18:23:40","guid":{"rendered":"https:\/\/stemarie-derval.fr\/?p=4009"},"modified":"2019-10-13T20:23:40","modified_gmt":"2019-10-13T18:23:40","slug":"la-semaine-du-gout-le-petit-dejeuner-en-classe","status":"publish","type":"post","link":"https:\/\/stemarie-derval.fr\/?p=4009","title":{"rendered":"La semaine du go\u00fbt : le petit d\u00e9jeuner en classe"},"content":{"rendered":"<p>Pour terminer la semaine du go\u00fbt, les classes de MS\/GS, CP\/CE1 et CE1 se sont m\u00e9lang\u00e9es pour un petit d\u00e9jeuner.<\/p>\n<p>Vous trouverez ci-dessous les images de ce moment d&rsquo;\u00e9changes et de partage. <\/p>\n<p><iframe loading=\"lazy\" width=\"560\" height=\"315\" src=\"https:\/\/www.youtube.com\/embed\/nS-KsmGIU_I?rel=0\" frameborder=\"0\" allow=\"accelerometer; autoplay; encrypted-media; gyroscope; picture-in-picture\" allowfullscreen><\/iframe><\/p>\n","protected":false},"excerpt":{"rendered":"<p>Pour terminer la semaine du go\u00fbt, les classes de MS\/GS, CP\/CE1 et CE1 se sont m\u00e9lang\u00e9es pour un petit d\u00e9jeuner. Vous trouverez ci-dessous les images de ce moment d&rsquo;\u00e9changes et de partage.<\/p>\n","protected":false},"author":9,"featured_media":0,"comment_status":"closed","ping_status":"closed","sticky":false,"template":"","format":"standard","meta":{"footnotes":""},"categories":[9,7,10],"tags":[],"_links":{"self":[{"href":"https:\/\/stemarie-derval.fr\/index.php?rest_route=\/wp\/v2\/posts\/4009"}],"collection":[{"href":"https:\/\/stemarie-derval.fr\/index.php?rest_route=\/wp\/v2\/posts"}],"about":[{"href":"https:\/\/stemarie-derval.fr\/index.php?rest_route=\/wp\/v2\/types\/post"}],"author":[{"embeddable":true,"href":"https:\/\/stemarie-derval.fr\/index.php?rest_route=\/wp\/v2\/users\/9"}],"replies":[{"embeddable":true,"href":"https:\/\/stemarie-derval.fr\/index.php?rest_route=%2Fwp%2Fv2%2Fcomments&post=4009"}],"version-history":[{"count":1,"href":"https:\/\/stemarie-derval.fr\/index.php?rest_route=\/wp\/v2\/posts\/4009\/revisions"}],"predecessor-version":[{"id":4010,"href":"https:\/\/stemarie-derval.fr\/index.php?rest_route=\/wp\/v2\/posts\/4009\/revisions\/4010"}],"wp:attachment":[{"href":"https:\/\/stemarie-derval.fr\/index.php?rest_route=%2Fwp%2Fv2%2Fmedia&parent=4009"}],"wp:term":[{"taxonomy":"category","embeddable":true,"href":"https:\/\/stemarie-derval.fr\/index.php?rest_route=%2Fwp%2Fv2%2Fcategories&post=4009"},{"taxonomy":"post_tag","embeddable":true,"href":"https:\/\/stemarie-derval.fr\/index.php?rest_route=%2Fwp%2Fv2%2Ftags&post=4009"}],"curies":[{"name":"wp","href":"https:\/\/api.w.org\/{rel}","templated":true}]}}