{"id":4084,"date":"2019-11-28T22:07:33","date_gmt":"2019-11-28T21:07:33","guid":{"rendered":"https:\/\/stemarie-derval.fr\/?p=4084"},"modified":"2019-11-28T22:07:33","modified_gmt":"2019-11-28T21:07:33","slug":"le-marche-de-noel","status":"publish","type":"post","link":"https:\/\/stemarie-derval.fr\/?p=4084","title":{"rendered":"Le march\u00e9 de NO\u00ebl"},"content":{"rendered":"<p>L&rsquo;APEL de l&rsquo;\u00e9cole tiendra un stand au march\u00e9 de No\u00ebl de Derval.<\/p>\n<p>Notre classe a pr\u00e9par\u00e9 des petites douceurs qui y seront vendues:<\/p>\n<ul>\n<li>du sel aromatis\u00e9 (au piment et\/ou \u00e0 l&rsquo;indienne) : pour tous vos plats<\/li>\n<li>du sucre de No\u00ebl (orange, cannelle): pour vos cr\u00eapes, vos yaourts&#8230;<\/li>\n<li>de la confiture d&rsquo;oranges<\/li>\n<\/ul>\n<p>Vous y trouverez d&rsquo;autres bonnes et belles choses pr\u00e9par\u00e9es par d&rsquo;autres classes mais aussi par&nbsp; l&rsquo;APEL et les parents d&rsquo;\u00e9l\u00e8ves de l&rsquo;\u00e9cole&#8230; N&rsquo;h\u00e9sitez pas \u00e0 aller y faire un tour !<\/p>\n<p><a href=\"https:\/\/stemarie-derval.fr\/wp-content\/uploads\/2019\/11\/march\u00e9-noel.jpg\"><img loading=\"lazy\" decoding=\"async\" class=\"aligncenter size-large wp-image-4085\" src=\"https:\/\/stemarie-derval.fr\/wp-content\/uploads\/2019\/11\/march\u00e9-noel-1024x578.jpg\" alt=\"\" width=\"960\" height=\"542\" srcset=\"https:\/\/stemarie-derval.fr\/wp-content\/uploads\/2019\/11\/march\u00e9-noel-1024x578.jpg 1024w, https:\/\/stemarie-derval.fr\/wp-content\/uploads\/2019\/11\/march\u00e9-noel-300x169.jpg 300w, https:\/\/stemarie-derval.fr\/wp-content\/uploads\/2019\/11\/march\u00e9-noel-768x433.jpg 768w\" sizes=\"(max-width: 960px) 100vw, 960px\" \/><\/a><\/p>\n","protected":false},"excerpt":{"rendered":"<p>L&rsquo;APEL de l&rsquo;\u00e9cole tiendra un stand au march\u00e9 de No\u00ebl de Derval. Notre classe a pr\u00e9par\u00e9 des petites douceurs qui y seront vendues: du sel aromatis\u00e9 (au piment et\/ou \u00e0 l&rsquo;indienne) : pour tous vos plats du sucre de No\u00ebl (orange, cannelle): pour vos cr\u00eapes, vos yaourts&#8230; de la confiture d&rsquo;oranges Vous y trouverez d&rsquo;autres<\/p>\n<p><a href=\"https:\/\/stemarie-derval.fr\/?p=4084\" class=\"more-link themebutton\">Lire la suite<\/a><\/p>\n","protected":false},"author":9,"featured_media":0,"comment_status":"closed","ping_status":"closed","sticky":false,"template":"","format":"standard","meta":{"footnotes":""},"categories":[7],"tags":[],"_links":{"self":[{"href":"https:\/\/stemarie-derval.fr\/index.php?rest_route=\/wp\/v2\/posts\/4084"}],"collection":[{"href":"https:\/\/stemarie-derval.fr\/index.php?rest_route=\/wp\/v2\/posts"}],"about":[{"href":"https:\/\/stemarie-derval.fr\/index.php?rest_route=\/wp\/v2\/types\/post"}],"author":[{"embeddable":true,"href":"https:\/\/stemarie-derval.fr\/index.php?rest_route=\/wp\/v2\/users\/9"}],"replies":[{"embeddable":true,"href":"https:\/\/stemarie-derval.fr\/index.php?rest_route=%2Fwp%2Fv2%2Fcomments&post=4084"}],"version-history":[{"count":1,"href":"https:\/\/stemarie-derval.fr\/index.php?rest_route=\/wp\/v2\/posts\/4084\/revisions"}],"predecessor-version":[{"id":4086,"href":"https:\/\/stemarie-derval.fr\/index.php?rest_route=\/wp\/v2\/posts\/4084\/revisions\/4086"}],"wp:attachment":[{"href":"https:\/\/stemarie-derval.fr\/index.php?rest_route=%2Fwp%2Fv2%2Fmedia&parent=4084"}],"wp:term":[{"taxonomy":"category","embeddable":true,"href":"https:\/\/stemarie-derval.fr\/index.php?rest_route=%2Fwp%2Fv2%2Fcategories&post=4084"},{"taxonomy":"post_tag","embeddable":true,"href":"https:\/\/stemarie-derval.fr\/index.php?rest_route=%2Fwp%2Fv2%2Ftags&post=4084"}],"curies":[{"name":"wp","href":"https:\/\/api.w.org\/{rel}","templated":true}]}}