{"id":4099,"date":"2019-12-29T20:34:53","date_gmt":"2019-12-29T19:34:53","guid":{"rendered":"https:\/\/stemarie-derval.fr\/?p=4099"},"modified":"2020-01-09T20:42:29","modified_gmt":"2020-01-09T19:42:29","slug":"la-celebration-de-lavent","status":"publish","type":"post","link":"https:\/\/stemarie-derval.fr\/?p=4099","title":{"rendered":"la c\u00e9l\u00e9bration de l&rsquo;Avent"},"content":{"rendered":"<p>Pour c\u00e9l\u00e9brer l&rsquo;Avent, toute l&rsquo;\u00e9cole s&rsquo;est r\u00e9unie \u00e0 l&rsquo;\u00e9glise de Derval.<\/p>\n<p>Une belle occasion de se retrouver tous ensemble pour comprendre ce que signifie ce temps de l&rsquo;Avent, chanter et attendre No\u00ebl.<\/p>\n<p>Nous avons \u00e9galement d\u00e9couvert la cr\u00e8che mise en place dans l&rsquo;\u00e9glise.<\/p>\n<p><a href=\"https:\/\/stemarie-derval.fr\/wp-content\/uploads\/2020\/01\/c\u00e9l\u00e9bration.jpg\"><img loading=\"lazy\" decoding=\"async\" class=\"aligncenter  wp-image-4100\" src=\"https:\/\/stemarie-derval.fr\/wp-content\/uploads\/2020\/01\/c\u00e9l\u00e9bration-1024x578.jpg\" alt=\"\" width=\"418\" height=\"236\" srcset=\"https:\/\/stemarie-derval.fr\/wp-content\/uploads\/2020\/01\/c\u00e9l\u00e9bration-1024x578.jpg 1024w, https:\/\/stemarie-derval.fr\/wp-content\/uploads\/2020\/01\/c\u00e9l\u00e9bration-300x169.jpg 300w, https:\/\/stemarie-derval.fr\/wp-content\/uploads\/2020\/01\/c\u00e9l\u00e9bration-768x433.jpg 768w\" sizes=\"(max-width: 418px) 100vw, 418px\" \/><\/a><\/p>\n<p>&nbsp;<\/p>\n<p>&nbsp;<\/p>\n","protected":false},"excerpt":{"rendered":"<p>Pour c\u00e9l\u00e9brer l&rsquo;Avent, toute l&rsquo;\u00e9cole s&rsquo;est r\u00e9unie \u00e0 l&rsquo;\u00e9glise de Derval. Une belle occasion de se retrouver tous ensemble pour comprendre ce que signifie ce temps de l&rsquo;Avent, chanter et attendre No\u00ebl. Nous avons \u00e9galement d\u00e9couvert la cr\u00e8che mise en place dans l&rsquo;\u00e9glise. &nbsp; &nbsp;<\/p>\n","protected":false},"author":9,"featured_media":0,"comment_status":"closed","ping_status":"closed","sticky":false,"template":"","format":"standard","meta":{"footnotes":""},"categories":[7],"tags":[],"_links":{"self":[{"href":"https:\/\/stemarie-derval.fr\/index.php?rest_route=\/wp\/v2\/posts\/4099"}],"collection":[{"href":"https:\/\/stemarie-derval.fr\/index.php?rest_route=\/wp\/v2\/posts"}],"about":[{"href":"https:\/\/stemarie-derval.fr\/index.php?rest_route=\/wp\/v2\/types\/post"}],"author":[{"embeddable":true,"href":"https:\/\/stemarie-derval.fr\/index.php?rest_route=\/wp\/v2\/users\/9"}],"replies":[{"embeddable":true,"href":"https:\/\/stemarie-derval.fr\/index.php?rest_route=%2Fwp%2Fv2%2Fcomments&post=4099"}],"version-history":[{"count":1,"href":"https:\/\/stemarie-derval.fr\/index.php?rest_route=\/wp\/v2\/posts\/4099\/revisions"}],"predecessor-version":[{"id":4101,"href":"https:\/\/stemarie-derval.fr\/index.php?rest_route=\/wp\/v2\/posts\/4099\/revisions\/4101"}],"wp:attachment":[{"href":"https:\/\/stemarie-derval.fr\/index.php?rest_route=%2Fwp%2Fv2%2Fmedia&parent=4099"}],"wp:term":[{"taxonomy":"category","embeddable":true,"href":"https:\/\/stemarie-derval.fr\/index.php?rest_route=%2Fwp%2Fv2%2Fcategories&post=4099"},{"taxonomy":"post_tag","embeddable":true,"href":"https:\/\/stemarie-derval.fr\/index.php?rest_route=%2Fwp%2Fv2%2Ftags&post=4099"}],"curies":[{"name":"wp","href":"https:\/\/api.w.org\/{rel}","templated":true}]}}