{"id":4109,"date":"2019-12-30T21:05:47","date_gmt":"2019-12-30T20:05:47","guid":{"rendered":"https:\/\/stemarie-derval.fr\/?p=4109"},"modified":"2020-01-09T21:09:00","modified_gmt":"2020-01-09T20:09:00","slug":"le-gouter-de-noel","status":"publish","type":"post","link":"https:\/\/stemarie-derval.fr\/?p=4109","title":{"rendered":"Le gouter de No\u00ebl"},"content":{"rendered":"<p>Pour f\u00eater la fin de la p\u00e9riode, nous avons organis\u00e9 un gouter sur le th\u00e8me de No\u00ebl.<\/p>\n<p>Lors d&rsquo;ateliers de cuisine, chaque \u00e9l\u00e8ve a pr\u00e9par\u00e9 un petit sapin au Nutella, et en fin de journ\u00e9e nous les avons d\u00e9gust\u00e9s en \u00e9coutant des chants de No\u00ebl.<\/p>\n<p><a href=\"https:\/\/stemarie-derval.fr\/wp-content\/uploads\/2020\/01\/92136609.jpg\"><img loading=\"lazy\" decoding=\"async\" class=\"aligncenter  wp-image-4110\" src=\"https:\/\/stemarie-derval.fr\/wp-content\/uploads\/2020\/01\/92136609.jpg\" alt=\"\" width=\"480\" height=\"360\" srcset=\"https:\/\/stemarie-derval.fr\/wp-content\/uploads\/2020\/01\/92136609.jpg 800w, https:\/\/stemarie-derval.fr\/wp-content\/uploads\/2020\/01\/92136609-300x225.jpg 300w, https:\/\/stemarie-derval.fr\/wp-content\/uploads\/2020\/01\/92136609-768x576.jpg 768w\" sizes=\"(max-width: 480px) 100vw, 480px\" \/><\/a><\/p>\n","protected":false},"excerpt":{"rendered":"<p>Pour f\u00eater la fin de la p\u00e9riode, nous avons organis\u00e9 un gouter sur le th\u00e8me de No\u00ebl. Lors d&rsquo;ateliers de cuisine, chaque \u00e9l\u00e8ve a pr\u00e9par\u00e9 un petit sapin au Nutella, et en fin de journ\u00e9e nous les avons d\u00e9gust\u00e9s en \u00e9coutant des chants de No\u00ebl.<\/p>\n","protected":false},"author":9,"featured_media":0,"comment_status":"closed","ping_status":"closed","sticky":false,"template":"","format":"standard","meta":{"footnotes":""},"categories":[7],"tags":[],"_links":{"self":[{"href":"https:\/\/stemarie-derval.fr\/index.php?rest_route=\/wp\/v2\/posts\/4109"}],"collection":[{"href":"https:\/\/stemarie-derval.fr\/index.php?rest_route=\/wp\/v2\/posts"}],"about":[{"href":"https:\/\/stemarie-derval.fr\/index.php?rest_route=\/wp\/v2\/types\/post"}],"author":[{"embeddable":true,"href":"https:\/\/stemarie-derval.fr\/index.php?rest_route=\/wp\/v2\/users\/9"}],"replies":[{"embeddable":true,"href":"https:\/\/stemarie-derval.fr\/index.php?rest_route=%2Fwp%2Fv2%2Fcomments&post=4109"}],"version-history":[{"count":1,"href":"https:\/\/stemarie-derval.fr\/index.php?rest_route=\/wp\/v2\/posts\/4109\/revisions"}],"predecessor-version":[{"id":4111,"href":"https:\/\/stemarie-derval.fr\/index.php?rest_route=\/wp\/v2\/posts\/4109\/revisions\/4111"}],"wp:attachment":[{"href":"https:\/\/stemarie-derval.fr\/index.php?rest_route=%2Fwp%2Fv2%2Fmedia&parent=4109"}],"wp:term":[{"taxonomy":"category","embeddable":true,"href":"https:\/\/stemarie-derval.fr\/index.php?rest_route=%2Fwp%2Fv2%2Fcategories&post=4109"},{"taxonomy":"post_tag","embeddable":true,"href":"https:\/\/stemarie-derval.fr\/index.php?rest_route=%2Fwp%2Fv2%2Ftags&post=4109"}],"curies":[{"name":"wp","href":"https:\/\/api.w.org\/{rel}","templated":true}]}}