{"id":4120,"date":"2019-12-21T22:36:15","date_gmt":"2019-12-21T21:36:15","guid":{"rendered":"https:\/\/stemarie-derval.fr\/?p=4120"},"modified":"2020-01-09T23:13:09","modified_gmt":"2020-01-09T22:13:09","slug":"le-spectacle-de-noel","status":"publish","type":"post","link":"https:\/\/stemarie-derval.fr\/?p=4120","title":{"rendered":"Le spectacle de No\u00ebl"},"content":{"rendered":"<p>Comme tous les ans, la mairie de Derval a offert aux \u00e9coles&nbsp; la possibilit\u00e9 d&rsquo;assister \u00e0 un spectacle de No\u00ebl.<\/p>\n<p>Retrouvez ci-dessous quelques images de ce moment en vid\u00e9o.<\/p>\n<p><iframe loading=\"lazy\" title=\"spectacle noel\" width=\"1170\" height=\"658\" src=\"https:\/\/www.youtube.com\/embed\/UHkPzIR2JpQ?feature=oembed\" frameborder=\"0\" allow=\"accelerometer; autoplay; encrypted-media; gyroscope; picture-in-picture\" allowfullscreen><\/iframe><\/p>\n","protected":false},"excerpt":{"rendered":"<p>Comme tous les ans, la mairie de Derval a offert aux \u00e9coles&nbsp; la possibilit\u00e9 d&rsquo;assister \u00e0 un spectacle de No\u00ebl. Retrouvez ci-dessous quelques images de ce moment en vid\u00e9o.<\/p>\n","protected":false},"author":9,"featured_media":0,"comment_status":"closed","ping_status":"closed","sticky":false,"template":"","format":"standard","meta":{"footnotes":""},"categories":[7],"tags":[],"_links":{"self":[{"href":"https:\/\/stemarie-derval.fr\/index.php?rest_route=\/wp\/v2\/posts\/4120"}],"collection":[{"href":"https:\/\/stemarie-derval.fr\/index.php?rest_route=\/wp\/v2\/posts"}],"about":[{"href":"https:\/\/stemarie-derval.fr\/index.php?rest_route=\/wp\/v2\/types\/post"}],"author":[{"embeddable":true,"href":"https:\/\/stemarie-derval.fr\/index.php?rest_route=\/wp\/v2\/users\/9"}],"replies":[{"embeddable":true,"href":"https:\/\/stemarie-derval.fr\/index.php?rest_route=%2Fwp%2Fv2%2Fcomments&post=4120"}],"version-history":[{"count":1,"href":"https:\/\/stemarie-derval.fr\/index.php?rest_route=\/wp\/v2\/posts\/4120\/revisions"}],"predecessor-version":[{"id":4121,"href":"https:\/\/stemarie-derval.fr\/index.php?rest_route=\/wp\/v2\/posts\/4120\/revisions\/4121"}],"wp:attachment":[{"href":"https:\/\/stemarie-derval.fr\/index.php?rest_route=%2Fwp%2Fv2%2Fmedia&parent=4120"}],"wp:term":[{"taxonomy":"category","embeddable":true,"href":"https:\/\/stemarie-derval.fr\/index.php?rest_route=%2Fwp%2Fv2%2Fcategories&post=4120"},{"taxonomy":"post_tag","embeddable":true,"href":"https:\/\/stemarie-derval.fr\/index.php?rest_route=%2Fwp%2Fv2%2Ftags&post=4120"}],"curies":[{"name":"wp","href":"https:\/\/api.w.org\/{rel}","templated":true}]}}