{"id":4508,"date":"2020-11-07T15:04:57","date_gmt":"2020-11-07T14:04:57","guid":{"rendered":"https:\/\/stemarie-derval.fr\/?p=4508"},"modified":"2020-11-07T15:04:57","modified_gmt":"2020-11-07T14:04:57","slug":"arts-visuels-automne","status":"publish","type":"post","link":"https:\/\/stemarie-derval.fr\/?p=4508","title":{"rendered":"Arts visuels : Automne"},"content":{"rendered":"<p>Voici quelques cr\u00e9ations des CM1 en arts visuels \u00e0 partir des feuilles r\u00e9colt\u00e9es.<\/p>\n<p>[ngg src=\u00a0\u00bbgalleries\u00a0\u00bb ids=\u00a0\u00bb160&Prime; display=\u00a0\u00bbbasic_slideshow\u00a0\u00bb]&nbsp;<\/p>\n<p>&nbsp;<\/p>\n","protected":false},"excerpt":{"rendered":"<p>Voici quelques cr\u00e9ations des CM1 en arts visuels \u00e0 partir des feuilles r\u00e9colt\u00e9es. [ngg src=\u00a0\u00bbgalleries\u00a0\u00bb ids=\u00a0\u00bb160&Prime; display=\u00a0\u00bbbasic_slideshow\u00a0\u00bb]&nbsp; &nbsp;<\/p>\n","protected":false},"author":10,"featured_media":0,"comment_status":"closed","ping_status":"closed","sticky":false,"template":"","format":"standard","meta":{"footnotes":""},"categories":[5],"tags":[],"_links":{"self":[{"href":"https:\/\/stemarie-derval.fr\/index.php?rest_route=\/wp\/v2\/posts\/4508"}],"collection":[{"href":"https:\/\/stemarie-derval.fr\/index.php?rest_route=\/wp\/v2\/posts"}],"about":[{"href":"https:\/\/stemarie-derval.fr\/index.php?rest_route=\/wp\/v2\/types\/post"}],"author":[{"embeddable":true,"href":"https:\/\/stemarie-derval.fr\/index.php?rest_route=\/wp\/v2\/users\/10"}],"replies":[{"embeddable":true,"href":"https:\/\/stemarie-derval.fr\/index.php?rest_route=%2Fwp%2Fv2%2Fcomments&post=4508"}],"version-history":[{"count":1,"href":"https:\/\/stemarie-derval.fr\/index.php?rest_route=\/wp\/v2\/posts\/4508\/revisions"}],"predecessor-version":[{"id":4532,"href":"https:\/\/stemarie-derval.fr\/index.php?rest_route=\/wp\/v2\/posts\/4508\/revisions\/4532"}],"wp:attachment":[{"href":"https:\/\/stemarie-derval.fr\/index.php?rest_route=%2Fwp%2Fv2%2Fmedia&parent=4508"}],"wp:term":[{"taxonomy":"category","embeddable":true,"href":"https:\/\/stemarie-derval.fr\/index.php?rest_route=%2Fwp%2Fv2%2Fcategories&post=4508"},{"taxonomy":"post_tag","embeddable":true,"href":"https:\/\/stemarie-derval.fr\/index.php?rest_route=%2Fwp%2Fv2%2Ftags&post=4508"}],"curies":[{"name":"wp","href":"https:\/\/api.w.org\/{rel}","templated":true}]}}