{"id":4567,"date":"2021-09-17T23:21:27","date_gmt":"2021-09-17T21:21:27","guid":{"rendered":"https:\/\/stemarie-derval.fr\/?p=4567"},"modified":"2021-09-17T23:21:27","modified_gmt":"2021-09-17T21:21:27","slug":"la-foire-de-bere","status":"publish","type":"post","link":"https:\/\/stemarie-derval.fr\/?p=4567","title":{"rendered":"La foire de B\u00e9r\u00e9"},"content":{"rendered":"<p>Le lundi 13 septembre, notre classe a eu la chance de participer \u00e0 la foire de B\u00e9r\u00e9.<br \/>\nNous avons suivi deux ateliers :<\/p>\n<p>&#8211; un premier atelier sur le lait : pr\u00e9sentation de la technique de traite et d\u00e9gustation de lait.<\/p>\n<p>&#8211; un second atelier intitul\u00e9 \u00ab\u00a0mieux manger\u00a0\u00bb. Une nutritionniste nous a pr\u00e9sent\u00e9 les familles d&rsquo;aliments et nous a expliqu\u00e9 l&rsquo;importance de manger \u00e9quilibr\u00e9.<\/p>\n<p>Avant de reprendre le car nous avons fait un petit tour sur les diff\u00e9rents stands de la foire.<\/p>\n<p>Vous retrouverez ci-dessous les images de cette belle apr\u00e8s-midi.<\/p>\n<p>&nbsp;<\/p>\n<p><iframe loading=\"lazy\" title=\"B\u00e9r\u00e9 2021\" width=\"1170\" height=\"658\" src=\"https:\/\/www.youtube.com\/embed\/FKObpJLxarU?feature=oembed\" frameborder=\"0\" allow=\"accelerometer; autoplay; clipboard-write; encrypted-media; gyroscope; picture-in-picture\" allowfullscreen><\/iframe><\/p>\n","protected":false},"excerpt":{"rendered":"<p>Le lundi 13 septembre, notre classe a eu la chance de participer \u00e0 la foire de B\u00e9r\u00e9. Nous avons suivi deux ateliers : &#8211; un premier atelier sur le lait : pr\u00e9sentation de la technique de traite et d\u00e9gustation de lait. &#8211; un second atelier intitul\u00e9 \u00ab\u00a0mieux manger\u00a0\u00bb. Une nutritionniste nous a pr\u00e9sent\u00e9 les familles<\/p>\n<p><a href=\"https:\/\/stemarie-derval.fr\/?p=4567\" class=\"more-link themebutton\">Lire la suite<\/a><\/p>\n","protected":false},"author":9,"featured_media":0,"comment_status":"closed","ping_status":"closed","sticky":false,"template":"","format":"standard","meta":{"footnotes":""},"categories":[7],"tags":[],"_links":{"self":[{"href":"https:\/\/stemarie-derval.fr\/index.php?rest_route=\/wp\/v2\/posts\/4567"}],"collection":[{"href":"https:\/\/stemarie-derval.fr\/index.php?rest_route=\/wp\/v2\/posts"}],"about":[{"href":"https:\/\/stemarie-derval.fr\/index.php?rest_route=\/wp\/v2\/types\/post"}],"author":[{"embeddable":true,"href":"https:\/\/stemarie-derval.fr\/index.php?rest_route=\/wp\/v2\/users\/9"}],"replies":[{"embeddable":true,"href":"https:\/\/stemarie-derval.fr\/index.php?rest_route=%2Fwp%2Fv2%2Fcomments&post=4567"}],"version-history":[{"count":3,"href":"https:\/\/stemarie-derval.fr\/index.php?rest_route=\/wp\/v2\/posts\/4567\/revisions"}],"predecessor-version":[{"id":4570,"href":"https:\/\/stemarie-derval.fr\/index.php?rest_route=\/wp\/v2\/posts\/4567\/revisions\/4570"}],"wp:attachment":[{"href":"https:\/\/stemarie-derval.fr\/index.php?rest_route=%2Fwp%2Fv2%2Fmedia&parent=4567"}],"wp:term":[{"taxonomy":"category","embeddable":true,"href":"https:\/\/stemarie-derval.fr\/index.php?rest_route=%2Fwp%2Fv2%2Fcategories&post=4567"},{"taxonomy":"post_tag","embeddable":true,"href":"https:\/\/stemarie-derval.fr\/index.php?rest_route=%2Fwp%2Fv2%2Ftags&post=4567"}],"curies":[{"name":"wp","href":"https:\/\/api.w.org\/{rel}","templated":true}]}}