{"id":4576,"date":"2021-09-17T23:15:45","date_gmt":"2021-09-17T21:15:45","guid":{"rendered":"https:\/\/stemarie-derval.fr\/?p=4576"},"modified":"2021-09-26T18:22:06","modified_gmt":"2021-09-26T16:22:06","slug":"notre-premiere-oeuvre-collective","status":"publish","type":"post","link":"https:\/\/stemarie-derval.fr\/?p=4576","title":{"rendered":"Notre premi\u00e8re \u0153uvre collective"},"content":{"rendered":"<p>Pour d\u00e9corer la classe, nous avons cr\u00e9e une \u0153uvre collective. Chacun a colori\u00e9 une pi\u00e8ce d&rsquo;un puzzle; nous les avons ensuite assembl\u00e9es pour former une carte du monde.<br \/>\nNotre \u0153uvre a \u00e9t\u00e9 pr\u00e9sent\u00e9e aux autres classes lors de notre assembl\u00e9e d&rsquo;\u00e9cole.<\/p>\n<p><a href=\"https:\/\/stemarie-derval.fr\/wp-content\/uploads\/2021\/09\/puzzle.jpg\"><img loading=\"lazy\" decoding=\"async\" class=\"aligncenter wp-image-4577\" src=\"https:\/\/stemarie-derval.fr\/wp-content\/uploads\/2021\/09\/puzzle-1024x766.jpg\" alt=\"\" width=\"600\" height=\"449\" srcset=\"https:\/\/stemarie-derval.fr\/wp-content\/uploads\/2021\/09\/puzzle-1024x766.jpg 1024w, https:\/\/stemarie-derval.fr\/wp-content\/uploads\/2021\/09\/puzzle-300x224.jpg 300w, https:\/\/stemarie-derval.fr\/wp-content\/uploads\/2021\/09\/puzzle-768x575.jpg 768w, https:\/\/stemarie-derval.fr\/wp-content\/uploads\/2021\/09\/puzzle.jpg 1080w\" sizes=\"(max-width: 600px) 100vw, 600px\" \/><\/a><\/p>\n<p>&nbsp;<\/p>\n","protected":false},"excerpt":{"rendered":"<p>Pour d\u00e9corer la classe, nous avons cr\u00e9e une \u0153uvre collective. Chacun a colori\u00e9 une pi\u00e8ce d&rsquo;un puzzle; nous les avons ensuite assembl\u00e9es pour former une carte du monde. Notre \u0153uvre a \u00e9t\u00e9 pr\u00e9sent\u00e9e aux autres classes lors de notre assembl\u00e9e d&rsquo;\u00e9cole. &nbsp;<\/p>\n","protected":false},"author":9,"featured_media":0,"comment_status":"closed","ping_status":"closed","sticky":false,"template":"","format":"standard","meta":{"footnotes":""},"categories":[7],"tags":[],"_links":{"self":[{"href":"https:\/\/stemarie-derval.fr\/index.php?rest_route=\/wp\/v2\/posts\/4576"}],"collection":[{"href":"https:\/\/stemarie-derval.fr\/index.php?rest_route=\/wp\/v2\/posts"}],"about":[{"href":"https:\/\/stemarie-derval.fr\/index.php?rest_route=\/wp\/v2\/types\/post"}],"author":[{"embeddable":true,"href":"https:\/\/stemarie-derval.fr\/index.php?rest_route=\/wp\/v2\/users\/9"}],"replies":[{"embeddable":true,"href":"https:\/\/stemarie-derval.fr\/index.php?rest_route=%2Fwp%2Fv2%2Fcomments&post=4576"}],"version-history":[{"count":1,"href":"https:\/\/stemarie-derval.fr\/index.php?rest_route=\/wp\/v2\/posts\/4576\/revisions"}],"predecessor-version":[{"id":4578,"href":"https:\/\/stemarie-derval.fr\/index.php?rest_route=\/wp\/v2\/posts\/4576\/revisions\/4578"}],"wp:attachment":[{"href":"https:\/\/stemarie-derval.fr\/index.php?rest_route=%2Fwp%2Fv2%2Fmedia&parent=4576"}],"wp:term":[{"taxonomy":"category","embeddable":true,"href":"https:\/\/stemarie-derval.fr\/index.php?rest_route=%2Fwp%2Fv2%2Fcategories&post=4576"},{"taxonomy":"post_tag","embeddable":true,"href":"https:\/\/stemarie-derval.fr\/index.php?rest_route=%2Fwp%2Fv2%2Ftags&post=4576"}],"curies":[{"name":"wp","href":"https:\/\/api.w.org\/{rel}","templated":true}]}}