{"id":4582,"date":"2021-09-26T18:26:36","date_gmt":"2021-09-26T16:26:36","guid":{"rendered":"https:\/\/stemarie-derval.fr\/?p=4582"},"modified":"2021-09-26T18:26:36","modified_gmt":"2021-09-26T16:26:36","slug":"lassemblee-decole","status":"publish","type":"post","link":"https:\/\/stemarie-derval.fr\/?p=4582","title":{"rendered":"L&rsquo;assembl\u00e9e d&rsquo;\u00e9cole"},"content":{"rendered":"<p>Notre premi\u00e8re assembl\u00e9e d&rsquo;\u00e9cole a \u00e9t\u00e9 un grand moment. Nous avons pr\u00e9sent\u00e9 les nouvelles personnes de l&rsquo;\u00e9cole : adultes et enfants. Chaque classe a \u00e9galement pr\u00e9sent\u00e9 quelque chose : une \u0153uvre d&rsquo;arts, des photos, la mascotte&#8230;<\/p>\n<p>Cette assembl\u00e9e a commenc\u00e9 par un chant collectif : \u00ab\u00a0c&rsquo;est la rentr\u00e9e des classes\u00a0\u00bb et elle s&rsquo;est termin\u00e9 \u00e9galement en chanson avec un grand flashmob r\u00e9unissant tous les enfants et adultes de l&rsquo;\u00e9cole.<\/p>\n<p>Quel plaisir de retrouver ces moments d&rsquo;\u00e9changes et de partage !<\/p>\n<p><a href=\"https:\/\/stemarie-derval.fr\/wp-content\/uploads\/2021\/09\/assemblee-ecole.jpg\"><img loading=\"lazy\" decoding=\"async\" class=\"aligncenter size-large wp-image-4583\" src=\"https:\/\/stemarie-derval.fr\/wp-content\/uploads\/2021\/09\/assemblee-ecole-1024x766.jpg\" alt=\"\" width=\"1024\" height=\"766\" srcset=\"https:\/\/stemarie-derval.fr\/wp-content\/uploads\/2021\/09\/assemblee-ecole-1024x766.jpg 1024w, https:\/\/stemarie-derval.fr\/wp-content\/uploads\/2021\/09\/assemblee-ecole-300x224.jpg 300w, https:\/\/stemarie-derval.fr\/wp-content\/uploads\/2021\/09\/assemblee-ecole-768x575.jpg 768w, https:\/\/stemarie-derval.fr\/wp-content\/uploads\/2021\/09\/assemblee-ecole.jpg 1080w\" sizes=\"(max-width: 1024px) 100vw, 1024px\" \/><\/a><\/p>\n","protected":false},"excerpt":{"rendered":"<p>Notre premi\u00e8re assembl\u00e9e d&rsquo;\u00e9cole a \u00e9t\u00e9 un grand moment. Nous avons pr\u00e9sent\u00e9 les nouvelles personnes de l&rsquo;\u00e9cole : adultes et enfants. Chaque classe a \u00e9galement pr\u00e9sent\u00e9 quelque chose : une \u0153uvre d&rsquo;arts, des photos, la mascotte&#8230; Cette assembl\u00e9e a commenc\u00e9 par un chant collectif : \u00ab\u00a0c&rsquo;est la rentr\u00e9e des classes\u00a0\u00bb et elle s&rsquo;est termin\u00e9 \u00e9galement<\/p>\n<p><a href=\"https:\/\/stemarie-derval.fr\/?p=4582\" class=\"more-link themebutton\">Lire la suite<\/a><\/p>\n","protected":false},"author":9,"featured_media":0,"comment_status":"closed","ping_status":"closed","sticky":false,"template":"","format":"standard","meta":{"footnotes":""},"categories":[7],"tags":[],"_links":{"self":[{"href":"https:\/\/stemarie-derval.fr\/index.php?rest_route=\/wp\/v2\/posts\/4582"}],"collection":[{"href":"https:\/\/stemarie-derval.fr\/index.php?rest_route=\/wp\/v2\/posts"}],"about":[{"href":"https:\/\/stemarie-derval.fr\/index.php?rest_route=\/wp\/v2\/types\/post"}],"author":[{"embeddable":true,"href":"https:\/\/stemarie-derval.fr\/index.php?rest_route=\/wp\/v2\/users\/9"}],"replies":[{"embeddable":true,"href":"https:\/\/stemarie-derval.fr\/index.php?rest_route=%2Fwp%2Fv2%2Fcomments&post=4582"}],"version-history":[{"count":1,"href":"https:\/\/stemarie-derval.fr\/index.php?rest_route=\/wp\/v2\/posts\/4582\/revisions"}],"predecessor-version":[{"id":4584,"href":"https:\/\/stemarie-derval.fr\/index.php?rest_route=\/wp\/v2\/posts\/4582\/revisions\/4584"}],"wp:attachment":[{"href":"https:\/\/stemarie-derval.fr\/index.php?rest_route=%2Fwp%2Fv2%2Fmedia&parent=4582"}],"wp:term":[{"taxonomy":"category","embeddable":true,"href":"https:\/\/stemarie-derval.fr\/index.php?rest_route=%2Fwp%2Fv2%2Fcategories&post=4582"},{"taxonomy":"post_tag","embeddable":true,"href":"https:\/\/stemarie-derval.fr\/index.php?rest_route=%2Fwp%2Fv2%2Ftags&post=4582"}],"curies":[{"name":"wp","href":"https:\/\/api.w.org\/{rel}","templated":true}]}}