{"id":4630,"date":"2021-10-29T22:07:59","date_gmt":"2021-10-29T20:07:59","guid":{"rendered":"https:\/\/stemarie-derval.fr\/?p=4630"},"modified":"2021-11-18T23:03:06","modified_gmt":"2021-11-18T22:03:06","slug":"le-petit-dejeuner-en-classe","status":"publish","type":"post","link":"https:\/\/stemarie-derval.fr\/?p=4630","title":{"rendered":"Le petit d\u00e9jeuner en classe"},"content":{"rendered":"<p>Dans le cadre de la semaine du go\u00fbt et pour passer un moment agr\u00e9able \u00e0 la veille des vacances, nous avons pris un petit d\u00e9jeuner tous ensemble en classe. Chacun a apport\u00e9 quelque chose \u00e0 partager avec les autres. Nous nous sommes bien r\u00e9gal\u00e9s !<\/p>\n<p>Retrouvez en images ce bon moment !<\/p>\n<p><iframe loading=\"lazy\" title=\"petit d\u00e9jeuner\" width=\"1170\" height=\"658\" src=\"https:\/\/www.youtube.com\/embed\/jrYimAt_-lI?feature=oembed\" frameborder=\"0\" allow=\"accelerometer; autoplay; clipboard-write; encrypted-media; gyroscope; picture-in-picture\" allowfullscreen><\/iframe><\/p>\n<p>&nbsp;<\/p>\n","protected":false},"excerpt":{"rendered":"<p>Dans le cadre de la semaine du go\u00fbt et pour passer un moment agr\u00e9able \u00e0 la veille des vacances, nous avons pris un petit d\u00e9jeuner tous ensemble en classe. Chacun a apport\u00e9 quelque chose \u00e0 partager avec les autres. Nous nous sommes bien r\u00e9gal\u00e9s ! Retrouvez en images ce bon moment ! &nbsp;<\/p>\n","protected":false},"author":9,"featured_media":0,"comment_status":"closed","ping_status":"closed","sticky":false,"template":"","format":"standard","meta":{"footnotes":""},"categories":[7],"tags":[],"_links":{"self":[{"href":"https:\/\/stemarie-derval.fr\/index.php?rest_route=\/wp\/v2\/posts\/4630"}],"collection":[{"href":"https:\/\/stemarie-derval.fr\/index.php?rest_route=\/wp\/v2\/posts"}],"about":[{"href":"https:\/\/stemarie-derval.fr\/index.php?rest_route=\/wp\/v2\/types\/post"}],"author":[{"embeddable":true,"href":"https:\/\/stemarie-derval.fr\/index.php?rest_route=\/wp\/v2\/users\/9"}],"replies":[{"embeddable":true,"href":"https:\/\/stemarie-derval.fr\/index.php?rest_route=%2Fwp%2Fv2%2Fcomments&post=4630"}],"version-history":[{"count":5,"href":"https:\/\/stemarie-derval.fr\/index.php?rest_route=\/wp\/v2\/posts\/4630\/revisions"}],"predecessor-version":[{"id":4635,"href":"https:\/\/stemarie-derval.fr\/index.php?rest_route=\/wp\/v2\/posts\/4630\/revisions\/4635"}],"wp:attachment":[{"href":"https:\/\/stemarie-derval.fr\/index.php?rest_route=%2Fwp%2Fv2%2Fmedia&parent=4630"}],"wp:term":[{"taxonomy":"category","embeddable":true,"href":"https:\/\/stemarie-derval.fr\/index.php?rest_route=%2Fwp%2Fv2%2Fcategories&post=4630"},{"taxonomy":"post_tag","embeddable":true,"href":"https:\/\/stemarie-derval.fr\/index.php?rest_route=%2Fwp%2Fv2%2Ftags&post=4630"}],"curies":[{"name":"wp","href":"https:\/\/api.w.org\/{rel}","templated":true}]}}