{"id":4668,"date":"2022-06-06T20:33:04","date_gmt":"2022-06-06T18:33:04","guid":{"rendered":"https:\/\/stemarie-derval.fr\/?p=4668"},"modified":"2022-06-06T20:35:58","modified_gmt":"2022-06-06T18:35:58","slug":"ugsel-kids","status":"publish","type":"post","link":"https:\/\/stemarie-derval.fr\/?p=4668","title":{"rendered":"UGSEL Kids"},"content":{"rendered":"<p>Le jeudi 2 juin, nous avons particip\u00e9 au challenge UGSEL Kids. C&rsquo;est une journ\u00e9e sportive organis\u00e9e par l&rsquo;UGSEL et qui est ouverte \u00e0 toutes les classes de cycle 2 du d\u00e9partement. Cette ann\u00e9e, elle se d\u00e9roulait \u00e0 Guem\u00e9n\u00e9 Penfao. Sur place, nous avons pu participer \u00e0 diff\u00e9rents ateliers : des activit\u00e9s athl\u00e9tiques (course, saut et lancer) et des ateliers de d\u00e9couverte (rugby, secourisme et handisport).<\/p>\n<p>D\u00e9couvrez ci-dessous les images de cette journ\u00e9e !<\/p>\n<p>&nbsp;<\/p>\n<p><iframe loading=\"lazy\" title=\"vid\u00e9o ugsel kid\" width=\"1170\" height=\"658\" src=\"https:\/\/www.youtube.com\/embed\/w9tmY90kY-o?feature=oembed\" frameborder=\"0\" allow=\"accelerometer; autoplay; clipboard-write; encrypted-media; gyroscope; picture-in-picture\" allowfullscreen><\/iframe><\/p>\n","protected":false},"excerpt":{"rendered":"<p>Le jeudi 2 juin, nous avons particip\u00e9 au challenge UGSEL Kids. C&rsquo;est une journ\u00e9e sportive organis\u00e9e par l&rsquo;UGSEL et qui est ouverte \u00e0 toutes les classes de cycle 2 du d\u00e9partement. Cette ann\u00e9e, elle se d\u00e9roulait \u00e0 Guem\u00e9n\u00e9 Penfao. Sur place, nous avons pu participer \u00e0 diff\u00e9rents ateliers : des activit\u00e9s athl\u00e9tiques (course, saut et<\/p>\n<p><a href=\"https:\/\/stemarie-derval.fr\/?p=4668\" class=\"more-link themebutton\">Lire la suite<\/a><\/p>\n","protected":false},"author":9,"featured_media":0,"comment_status":"closed","ping_status":"closed","sticky":false,"template":"","format":"standard","meta":{"footnotes":""},"categories":[7],"tags":[],"_links":{"self":[{"href":"https:\/\/stemarie-derval.fr\/index.php?rest_route=\/wp\/v2\/posts\/4668"}],"collection":[{"href":"https:\/\/stemarie-derval.fr\/index.php?rest_route=\/wp\/v2\/posts"}],"about":[{"href":"https:\/\/stemarie-derval.fr\/index.php?rest_route=\/wp\/v2\/types\/post"}],"author":[{"embeddable":true,"href":"https:\/\/stemarie-derval.fr\/index.php?rest_route=\/wp\/v2\/users\/9"}],"replies":[{"embeddable":true,"href":"https:\/\/stemarie-derval.fr\/index.php?rest_route=%2Fwp%2Fv2%2Fcomments&post=4668"}],"version-history":[{"count":5,"href":"https:\/\/stemarie-derval.fr\/index.php?rest_route=\/wp\/v2\/posts\/4668\/revisions"}],"predecessor-version":[{"id":4671,"href":"https:\/\/stemarie-derval.fr\/index.php?rest_route=\/wp\/v2\/posts\/4668\/revisions\/4671"}],"wp:attachment":[{"href":"https:\/\/stemarie-derval.fr\/index.php?rest_route=%2Fwp%2Fv2%2Fmedia&parent=4668"}],"wp:term":[{"taxonomy":"category","embeddable":true,"href":"https:\/\/stemarie-derval.fr\/index.php?rest_route=%2Fwp%2Fv2%2Fcategories&post=4668"},{"taxonomy":"post_tag","embeddable":true,"href":"https:\/\/stemarie-derval.fr\/index.php?rest_route=%2Fwp%2Fv2%2Ftags&post=4668"}],"curies":[{"name":"wp","href":"https:\/\/api.w.org\/{rel}","templated":true}]}}