{"id":4674,"date":"2022-03-15T21:05:41","date_gmt":"2022-03-15T20:05:41","guid":{"rendered":"https:\/\/stemarie-derval.fr\/?p=4674"},"modified":"2022-06-06T22:15:19","modified_gmt":"2022-06-06T20:15:19","slug":"spectacle-moi-moi-moi","status":"publish","type":"post","link":"https:\/\/stemarie-derval.fr\/?p=4674","title":{"rendered":"Spectacle \u00ab\u00a0Moi, moi, moi\u00a0\u00bb"},"content":{"rendered":"<p>Initialement pr\u00e9vu pour No\u00ebl, nous avons eu la chance d&rsquo;assister le 11 mars \u00e0 la repr\u00e9sentation du spectacle \u00ab\u00a0Moi, moi, moi\u00a0\u00bb de la compagnie Pied&rsquo;N\u00e9.<br \/>\nIl s&rsquo;agit d&rsquo;un duo burlesque entre une reine capricieuse et son fid\u00e8le serviteur. La reine est autocentr\u00e9e, elle veut ci, elle veut \u00e7a, elle r\u00e9clame \u00e0 tout va&#8230; et surtout, elle ne veut pas s&rsquo;ennuyer !<\/p>\n<p>Un spectacle dr\u00f4le avec un message fort sur notre rapport au monde qui nous entoure !<\/p>\n<p>&nbsp;<\/p>\n<p><a href=\"https:\/\/stemarie-derval.fr\/wp-content\/uploads\/2022\/06\/5.jpg\"><img loading=\"lazy\" decoding=\"async\" class=\"aligncenter size-full wp-image-4677\" src=\"https:\/\/stemarie-derval.fr\/wp-content\/uploads\/2022\/06\/5.jpg\" alt=\"\" width=\"800\" height=\"900\" srcset=\"https:\/\/stemarie-derval.fr\/wp-content\/uploads\/2022\/06\/5.jpg 800w, https:\/\/stemarie-derval.fr\/wp-content\/uploads\/2022\/06\/5-267x300.jpg 267w, https:\/\/stemarie-derval.fr\/wp-content\/uploads\/2022\/06\/5-768x864.jpg 768w\" sizes=\"(max-width: 800px) 100vw, 800px\" \/><\/a><\/p>\n<p>&nbsp;<\/p>\n<p>&nbsp;<\/p>\n<p>&nbsp;<\/p>\n","protected":false},"excerpt":{"rendered":"<p>Initialement pr\u00e9vu pour No\u00ebl, nous avons eu la chance d&rsquo;assister le 11 mars \u00e0 la repr\u00e9sentation du spectacle \u00ab\u00a0Moi, moi, moi\u00a0\u00bb de la compagnie Pied&rsquo;N\u00e9. Il s&rsquo;agit d&rsquo;un duo burlesque entre une reine capricieuse et son fid\u00e8le serviteur. La reine est autocentr\u00e9e, elle veut ci, elle veut \u00e7a, elle r\u00e9clame \u00e0 tout va&#8230; et surtout,<\/p>\n<p><a href=\"https:\/\/stemarie-derval.fr\/?p=4674\" class=\"more-link themebutton\">Lire la suite<\/a><\/p>\n","protected":false},"author":9,"featured_media":0,"comment_status":"closed","ping_status":"closed","sticky":false,"template":"","format":"standard","meta":{"footnotes":""},"categories":[7],"tags":[],"_links":{"self":[{"href":"https:\/\/stemarie-derval.fr\/index.php?rest_route=\/wp\/v2\/posts\/4674"}],"collection":[{"href":"https:\/\/stemarie-derval.fr\/index.php?rest_route=\/wp\/v2\/posts"}],"about":[{"href":"https:\/\/stemarie-derval.fr\/index.php?rest_route=\/wp\/v2\/types\/post"}],"author":[{"embeddable":true,"href":"https:\/\/stemarie-derval.fr\/index.php?rest_route=\/wp\/v2\/users\/9"}],"replies":[{"embeddable":true,"href":"https:\/\/stemarie-derval.fr\/index.php?rest_route=%2Fwp%2Fv2%2Fcomments&post=4674"}],"version-history":[{"count":3,"href":"https:\/\/stemarie-derval.fr\/index.php?rest_route=\/wp\/v2\/posts\/4674\/revisions"}],"predecessor-version":[{"id":4679,"href":"https:\/\/stemarie-derval.fr\/index.php?rest_route=\/wp\/v2\/posts\/4674\/revisions\/4679"}],"wp:attachment":[{"href":"https:\/\/stemarie-derval.fr\/index.php?rest_route=%2Fwp%2Fv2%2Fmedia&parent=4674"}],"wp:term":[{"taxonomy":"category","embeddable":true,"href":"https:\/\/stemarie-derval.fr\/index.php?rest_route=%2Fwp%2Fv2%2Fcategories&post=4674"},{"taxonomy":"post_tag","embeddable":true,"href":"https:\/\/stemarie-derval.fr\/index.php?rest_route=%2Fwp%2Fv2%2Ftags&post=4674"}],"curies":[{"name":"wp","href":"https:\/\/api.w.org\/{rel}","templated":true}]}}