{"id":4680,"date":"2022-06-01T22:29:46","date_gmt":"2022-06-01T20:29:46","guid":{"rendered":"https:\/\/stemarie-derval.fr\/?p=4680"},"modified":"2022-06-06T23:37:17","modified_gmt":"2022-06-06T21:37:17","slug":"la-musique-avec-blandine","status":"publish","type":"post","link":"https:\/\/stemarie-derval.fr\/?p=4680","title":{"rendered":"La musique avec Blandine"},"content":{"rendered":"<p>Tout au long de l&rsquo;ann\u00e9e, nous avons eu la chance de b\u00e9n\u00e9ficier tous les quinze jours de l&rsquo;intervention de Blandine DOUSSET, du conservatoire de Ch\u00e2teaubriant.<\/p>\n<p>Elle nous a accompagn\u00e9s dans notre projet musique intitul\u00e9 \u00ab\u00a0Rien ne se perd, rien ne se cr\u00e9e, tout se transforme\u00a0\u00bb.<\/p>\n<p>Nous avons travaill\u00e9 des chants, des percussions corporelles, et cr\u00e9\u00e9 un orchestre \u00e0 l&rsquo;aide d&rsquo;instruments fabriqu\u00e9s \u00e0 partir d&rsquo;objets de r\u00e9cup\u00e9ration. Vous trouverez tout cela dans la vid\u00e9o ci-dessous :<\/p>\n<p>&nbsp;<\/p>\n<p><iframe loading=\"lazy\" title=\"musique Blandine\" width=\"1170\" height=\"878\" src=\"https:\/\/www.youtube.com\/embed\/tMTKhAf7spo?feature=oembed\" frameborder=\"0\" allow=\"accelerometer; autoplay; clipboard-write; encrypted-media; gyroscope; picture-in-picture\" allowfullscreen><\/iframe><\/p>\n<p>&nbsp;<\/p>\n<p>&nbsp;<\/p>\n","protected":false},"excerpt":{"rendered":"<p>Tout au long de l&rsquo;ann\u00e9e, nous avons eu la chance de b\u00e9n\u00e9ficier tous les quinze jours de l&rsquo;intervention de Blandine DOUSSET, du conservatoire de Ch\u00e2teaubriant. Elle nous a accompagn\u00e9s dans notre projet musique intitul\u00e9 \u00ab\u00a0Rien ne se perd, rien ne se cr\u00e9e, tout se transforme\u00a0\u00bb. Nous avons travaill\u00e9 des chants, des percussions corporelles, et cr\u00e9\u00e9<\/p>\n<p><a href=\"https:\/\/stemarie-derval.fr\/?p=4680\" class=\"more-link themebutton\">Lire la suite<\/a><\/p>\n","protected":false},"author":9,"featured_media":0,"comment_status":"closed","ping_status":"closed","sticky":false,"template":"","format":"standard","meta":{"footnotes":""},"categories":[7],"tags":[],"_links":{"self":[{"href":"https:\/\/stemarie-derval.fr\/index.php?rest_route=\/wp\/v2\/posts\/4680"}],"collection":[{"href":"https:\/\/stemarie-derval.fr\/index.php?rest_route=\/wp\/v2\/posts"}],"about":[{"href":"https:\/\/stemarie-derval.fr\/index.php?rest_route=\/wp\/v2\/types\/post"}],"author":[{"embeddable":true,"href":"https:\/\/stemarie-derval.fr\/index.php?rest_route=\/wp\/v2\/users\/9"}],"replies":[{"embeddable":true,"href":"https:\/\/stemarie-derval.fr\/index.php?rest_route=%2Fwp%2Fv2%2Fcomments&post=4680"}],"version-history":[{"count":2,"href":"https:\/\/stemarie-derval.fr\/index.php?rest_route=\/wp\/v2\/posts\/4680\/revisions"}],"predecessor-version":[{"id":4686,"href":"https:\/\/stemarie-derval.fr\/index.php?rest_route=\/wp\/v2\/posts\/4680\/revisions\/4686"}],"wp:attachment":[{"href":"https:\/\/stemarie-derval.fr\/index.php?rest_route=%2Fwp%2Fv2%2Fmedia&parent=4680"}],"wp:term":[{"taxonomy":"category","embeddable":true,"href":"https:\/\/stemarie-derval.fr\/index.php?rest_route=%2Fwp%2Fv2%2Fcategories&post=4680"},{"taxonomy":"post_tag","embeddable":true,"href":"https:\/\/stemarie-derval.fr\/index.php?rest_route=%2Fwp%2Fv2%2Ftags&post=4680"}],"curies":[{"name":"wp","href":"https:\/\/api.w.org\/{rel}","templated":true}]}}