{"id":4709,"date":"2022-09-24T14:11:14","date_gmt":"2022-09-24T12:11:14","guid":{"rendered":"https:\/\/stemarie-derval.fr\/?p=4709"},"modified":"2022-11-24T14:12:45","modified_gmt":"2022-11-24T13:12:45","slug":"la-premiere-seance-de-musique","status":"publish","type":"post","link":"https:\/\/stemarie-derval.fr\/?p=4709","title":{"rendered":"La premi\u00e8re s\u00e9ance de musique"},"content":{"rendered":"<p>Cette ann\u00e9e, nous travaillerons la musique et le chant avec Blandine, du conservatoire de Ch\u00e2teaubriant.<br \/>\nElle viendra tous les jeudis apr\u00e8s-midis, accompagn\u00e9e de son accord\u00e9on.<\/p>\n<p><a href=\"https:\/\/stemarie-derval.fr\/wp-content\/uploads\/2022\/11\/Musique-avec-Blandine-octobre-2022.jpg\"><img loading=\"lazy\" decoding=\"async\" class=\"aligncenter size-large wp-image-4710\" src=\"https:\/\/stemarie-derval.fr\/wp-content\/uploads\/2022\/11\/Musique-avec-Blandine-octobre-2022-1024x766.jpg\" alt=\"\" width=\"1024\" height=\"766\" srcset=\"https:\/\/stemarie-derval.fr\/wp-content\/uploads\/2022\/11\/Musique-avec-Blandine-octobre-2022-1024x766.jpg 1024w, https:\/\/stemarie-derval.fr\/wp-content\/uploads\/2022\/11\/Musique-avec-Blandine-octobre-2022-300x224.jpg 300w, https:\/\/stemarie-derval.fr\/wp-content\/uploads\/2022\/11\/Musique-avec-Blandine-octobre-2022-768x575.jpg 768w, https:\/\/stemarie-derval.fr\/wp-content\/uploads\/2022\/11\/Musique-avec-Blandine-octobre-2022.jpg 1080w\" sizes=\"(max-width: 1024px) 100vw, 1024px\" \/><\/a><\/p>\n<p>&nbsp;<\/p>\n","protected":false},"excerpt":{"rendered":"<p>Cette ann\u00e9e, nous travaillerons la musique et le chant avec Blandine, du conservatoire de Ch\u00e2teaubriant. Elle viendra tous les jeudis apr\u00e8s-midis, accompagn\u00e9e de son accord\u00e9on. &nbsp;<\/p>\n","protected":false},"author":9,"featured_media":0,"comment_status":"closed","ping_status":"closed","sticky":false,"template":"","format":"standard","meta":{"footnotes":""},"categories":[7],"tags":[],"_links":{"self":[{"href":"https:\/\/stemarie-derval.fr\/index.php?rest_route=\/wp\/v2\/posts\/4709"}],"collection":[{"href":"https:\/\/stemarie-derval.fr\/index.php?rest_route=\/wp\/v2\/posts"}],"about":[{"href":"https:\/\/stemarie-derval.fr\/index.php?rest_route=\/wp\/v2\/types\/post"}],"author":[{"embeddable":true,"href":"https:\/\/stemarie-derval.fr\/index.php?rest_route=\/wp\/v2\/users\/9"}],"replies":[{"embeddable":true,"href":"https:\/\/stemarie-derval.fr\/index.php?rest_route=%2Fwp%2Fv2%2Fcomments&post=4709"}],"version-history":[{"count":2,"href":"https:\/\/stemarie-derval.fr\/index.php?rest_route=\/wp\/v2\/posts\/4709\/revisions"}],"predecessor-version":[{"id":4712,"href":"https:\/\/stemarie-derval.fr\/index.php?rest_route=\/wp\/v2\/posts\/4709\/revisions\/4712"}],"wp:attachment":[{"href":"https:\/\/stemarie-derval.fr\/index.php?rest_route=%2Fwp%2Fv2%2Fmedia&parent=4709"}],"wp:term":[{"taxonomy":"category","embeddable":true,"href":"https:\/\/stemarie-derval.fr\/index.php?rest_route=%2Fwp%2Fv2%2Fcategories&post=4709"},{"taxonomy":"post_tag","embeddable":true,"href":"https:\/\/stemarie-derval.fr\/index.php?rest_route=%2Fwp%2Fv2%2Ftags&post=4709"}],"curies":[{"name":"wp","href":"https:\/\/api.w.org\/{rel}","templated":true}]}}