{"id":4715,"date":"2022-09-10T14:17:19","date_gmt":"2022-09-10T12:17:19","guid":{"rendered":"https:\/\/stemarie-derval.fr\/?p=4715"},"modified":"2022-11-24T14:48:35","modified_gmt":"2022-11-24T13:48:35","slug":"la-foire-de-bere-2","status":"publish","type":"post","link":"https:\/\/stemarie-derval.fr\/?p=4715","title":{"rendered":"La foire de B\u00e9r\u00e9"},"content":{"rendered":"<p>Nous avons eu la chance cette ann\u00e9e de pouvoir participer \u00e0 la foire de B\u00e9r\u00e9. En plus d&rsquo;une visite des diff\u00e9rents stands et d&rsquo;un pique-nique, nous avons b\u00e9n\u00e9fici\u00e9 de trois ateliers :<\/p>\n<p>&#8211; un atelier sur le porc<\/p>\n<p>&#8211; un atelier sur le cheval<\/p>\n<p>&#8211; un atelier sur le pain et les c\u00e9r\u00e9ales<\/p>\n<p>Encore un grand merci aux parents accompagnateurs qui nous ont permis de profiter pleinement de cette belle journ\u00e9e.<\/p>\n<p><a href=\"https:\/\/stemarie-derval.fr\/wp-content\/uploads\/2022\/11\/foire-de-bere.jpg\"><img loading=\"lazy\" decoding=\"async\" class=\"aligncenter size-full wp-image-4716\" src=\"https:\/\/stemarie-derval.fr\/wp-content\/uploads\/2022\/11\/foire-de-bere.jpg\" alt=\"\" width=\"500\" height=\"500\" srcset=\"https:\/\/stemarie-derval.fr\/wp-content\/uploads\/2022\/11\/foire-de-bere.jpg 500w, https:\/\/stemarie-derval.fr\/wp-content\/uploads\/2022\/11\/foire-de-bere-300x300.jpg 300w, https:\/\/stemarie-derval.fr\/wp-content\/uploads\/2022\/11\/foire-de-bere-150x150.jpg 150w\" sizes=\"(max-width: 500px) 100vw, 500px\" \/><\/a><\/p>\n","protected":false},"excerpt":{"rendered":"<p>Nous avons eu la chance cette ann\u00e9e de pouvoir participer \u00e0 la foire de B\u00e9r\u00e9. En plus d&rsquo;une visite des diff\u00e9rents stands et d&rsquo;un pique-nique, nous avons b\u00e9n\u00e9fici\u00e9 de trois ateliers : &#8211; un atelier sur le porc &#8211; un atelier sur le cheval &#8211; un atelier sur le pain et les c\u00e9r\u00e9ales Encore un<\/p>\n<p><a href=\"https:\/\/stemarie-derval.fr\/?p=4715\" class=\"more-link themebutton\">Lire la suite<\/a><\/p>\n","protected":false},"author":9,"featured_media":0,"comment_status":"closed","ping_status":"closed","sticky":false,"template":"","format":"standard","meta":{"footnotes":""},"categories":[7],"tags":[],"_links":{"self":[{"href":"https:\/\/stemarie-derval.fr\/index.php?rest_route=\/wp\/v2\/posts\/4715"}],"collection":[{"href":"https:\/\/stemarie-derval.fr\/index.php?rest_route=\/wp\/v2\/posts"}],"about":[{"href":"https:\/\/stemarie-derval.fr\/index.php?rest_route=\/wp\/v2\/types\/post"}],"author":[{"embeddable":true,"href":"https:\/\/stemarie-derval.fr\/index.php?rest_route=\/wp\/v2\/users\/9"}],"replies":[{"embeddable":true,"href":"https:\/\/stemarie-derval.fr\/index.php?rest_route=%2Fwp%2Fv2%2Fcomments&post=4715"}],"version-history":[{"count":1,"href":"https:\/\/stemarie-derval.fr\/index.php?rest_route=\/wp\/v2\/posts\/4715\/revisions"}],"predecessor-version":[{"id":4717,"href":"https:\/\/stemarie-derval.fr\/index.php?rest_route=\/wp\/v2\/posts\/4715\/revisions\/4717"}],"wp:attachment":[{"href":"https:\/\/stemarie-derval.fr\/index.php?rest_route=%2Fwp%2Fv2%2Fmedia&parent=4715"}],"wp:term":[{"taxonomy":"category","embeddable":true,"href":"https:\/\/stemarie-derval.fr\/index.php?rest_route=%2Fwp%2Fv2%2Fcategories&post=4715"},{"taxonomy":"post_tag","embeddable":true,"href":"https:\/\/stemarie-derval.fr\/index.php?rest_route=%2Fwp%2Fv2%2Ftags&post=4715"}],"curies":[{"name":"wp","href":"https:\/\/api.w.org\/{rel}","templated":true}]}}