{"id":4719,"date":"2022-09-23T14:51:48","date_gmt":"2022-09-23T12:51:48","guid":{"rendered":"https:\/\/stemarie-derval.fr\/?p=4719"},"modified":"2022-11-24T14:57:47","modified_gmt":"2022-11-24T13:57:47","slug":"lassemblee-decole-2","status":"publish","type":"post","link":"https:\/\/stemarie-derval.fr\/?p=4719","title":{"rendered":"L&rsquo;assembl\u00e9e d&rsquo;\u00e9cole"},"content":{"rendered":"<p>Nous avons fait notre premi\u00e8re assembl\u00e9e d&rsquo;\u00e9cole : tous les enfants se sont retrouv\u00e9s sur la cour et chaque classe a pr\u00e9sent\u00e9 les nouveaux \u00e9l\u00e8ves, la mascotte, un projet collectif d&rsquo;arts visuels&#8230; Un temps festif pour bien d\u00e9marrer cette ann\u00e9e et apprendre \u00e0 mieux se connaitre.<\/p>\n<p>Nous avons \u00e9galement chant\u00e9 tous ensemble le chant de la rentr\u00e9e des classe; \u00ab\u00a0c&rsquo;est la rentr\u00e9e\u00a0\u00bb, de Math et L\u00e9o que vous trouverez ici :<\/p>\n<!--[if lt IE 9]><script>document.createElement('audio');<\/script><![endif]-->\n<audio class=\"wp-audio-shortcode\" id=\"audio-4719-1\" preload=\"none\" style=\"width: 100%;\" controls=\"controls\"><source type=\"audio\/mpeg\" src=\"https:\/\/stemarie-derval.fr\/wp-content\/uploads\/2022\/11\/Chanson-de-la-rentree-scolaire-MathLeo.mp3?_=1\" \/><a href=\"https:\/\/stemarie-derval.fr\/wp-content\/uploads\/2022\/11\/Chanson-de-la-rentree-scolaire-MathLeo.mp3\">https:\/\/stemarie-derval.fr\/wp-content\/uploads\/2022\/11\/Chanson-de-la-rentree-scolaire-MathLeo.mp3<\/a><\/audio>\n<p><a href=\"https:\/\/stemarie-derval.fr\/wp-content\/uploads\/2022\/11\/assemblee-decole-septembre-2022.jpg\"><img loading=\"lazy\" decoding=\"async\" class=\"aligncenter size-large wp-image-4721\" src=\"https:\/\/stemarie-derval.fr\/wp-content\/uploads\/2022\/11\/assemblee-decole-septembre-2022-1024x766.jpg\" alt=\"\" width=\"1024\" height=\"766\" srcset=\"https:\/\/stemarie-derval.fr\/wp-content\/uploads\/2022\/11\/assemblee-decole-septembre-2022-1024x766.jpg 1024w, https:\/\/stemarie-derval.fr\/wp-content\/uploads\/2022\/11\/assemblee-decole-septembre-2022-300x224.jpg 300w, https:\/\/stemarie-derval.fr\/wp-content\/uploads\/2022\/11\/assemblee-decole-septembre-2022-768x575.jpg 768w, https:\/\/stemarie-derval.fr\/wp-content\/uploads\/2022\/11\/assemblee-decole-septembre-2022.jpg 1080w\" sizes=\"(max-width: 1024px) 100vw, 1024px\" \/><\/a><\/p>\n<p>&nbsp;<\/p>\n<p>&nbsp;<\/p>\n","protected":false},"excerpt":{"rendered":"<p>Nous avons fait notre premi\u00e8re assembl\u00e9e d&rsquo;\u00e9cole : tous les enfants se sont retrouv\u00e9s sur la cour et chaque classe a pr\u00e9sent\u00e9 les nouveaux \u00e9l\u00e8ves, la mascotte, un projet collectif d&rsquo;arts visuels&#8230; Un temps festif pour bien d\u00e9marrer cette ann\u00e9e et apprendre \u00e0 mieux se connaitre. Nous avons \u00e9galement chant\u00e9 tous ensemble le chant de<\/p>\n<p><a href=\"https:\/\/stemarie-derval.fr\/?p=4719\" class=\"more-link themebutton\">Lire la suite<\/a><\/p>\n","protected":false},"author":9,"featured_media":0,"comment_status":"closed","ping_status":"closed","sticky":false,"template":"","format":"standard","meta":{"footnotes":""},"categories":[7],"tags":[],"_links":{"self":[{"href":"https:\/\/stemarie-derval.fr\/index.php?rest_route=\/wp\/v2\/posts\/4719"}],"collection":[{"href":"https:\/\/stemarie-derval.fr\/index.php?rest_route=\/wp\/v2\/posts"}],"about":[{"href":"https:\/\/stemarie-derval.fr\/index.php?rest_route=\/wp\/v2\/types\/post"}],"author":[{"embeddable":true,"href":"https:\/\/stemarie-derval.fr\/index.php?rest_route=\/wp\/v2\/users\/9"}],"replies":[{"embeddable":true,"href":"https:\/\/stemarie-derval.fr\/index.php?rest_route=%2Fwp%2Fv2%2Fcomments&post=4719"}],"version-history":[{"count":1,"href":"https:\/\/stemarie-derval.fr\/index.php?rest_route=\/wp\/v2\/posts\/4719\/revisions"}],"predecessor-version":[{"id":4722,"href":"https:\/\/stemarie-derval.fr\/index.php?rest_route=\/wp\/v2\/posts\/4719\/revisions\/4722"}],"wp:attachment":[{"href":"https:\/\/stemarie-derval.fr\/index.php?rest_route=%2Fwp%2Fv2%2Fmedia&parent=4719"}],"wp:term":[{"taxonomy":"category","embeddable":true,"href":"https:\/\/stemarie-derval.fr\/index.php?rest_route=%2Fwp%2Fv2%2Fcategories&post=4719"},{"taxonomy":"post_tag","embeddable":true,"href":"https:\/\/stemarie-derval.fr\/index.php?rest_route=%2Fwp%2Fv2%2Ftags&post=4719"}],"curies":[{"name":"wp","href":"https:\/\/api.w.org\/{rel}","templated":true}]}}