{"id":4723,"date":"2022-11-09T14:58:14","date_gmt":"2022-11-09T13:58:14","guid":{"rendered":"https:\/\/stemarie-derval.fr\/?p=4723"},"modified":"2022-11-24T15:02:56","modified_gmt":"2022-11-24T14:02:56","slug":"le-tri-des-dechets","status":"publish","type":"post","link":"https:\/\/stemarie-derval.fr\/?p=4723","title":{"rendered":"Le tri des d\u00e9chets"},"content":{"rendered":"<p>Un intervenant de la com-com de Ch\u00e2teaubriant est venu dans notre classe pour nous aider \u00e0 comprendre comment bien trier les d\u00e9chets \u00e0 la maison.<br \/>\nNous avons commenc\u00e9 par rep\u00e9rer les d\u00e9chets qui allaient dans le sac jaune, puis nous avons parl\u00e9 du tri des d\u00e9chets en g\u00e9n\u00e9ral (papier, verre, piles, d\u00e9chets verts&#8230;)<\/p>\n<p>Ensuite nous avons class\u00e9 des objets en fonction du nombre d&rsquo;ann\u00e9es qu&rsquo;ils mettent \u00e0 se d\u00e9sint\u00e9grer si on les jette dans la nature.<\/p>\n<p>Un grand merci pour cette intervention tr\u00e8s int\u00e9ressante.<\/p>\n<p><a href=\"https:\/\/stemarie-derval.fr\/wp-content\/uploads\/2022\/11\/tri-des-dechets.jpg\"><img loading=\"lazy\" decoding=\"async\" class=\"aligncenter size-large wp-image-4724\" src=\"https:\/\/stemarie-derval.fr\/wp-content\/uploads\/2022\/11\/tri-des-dechets-1024x894.jpg\" alt=\"\" width=\"1024\" height=\"894\" srcset=\"https:\/\/stemarie-derval.fr\/wp-content\/uploads\/2022\/11\/tri-des-dechets-1024x894.jpg 1024w, https:\/\/stemarie-derval.fr\/wp-content\/uploads\/2022\/11\/tri-des-dechets-300x262.jpg 300w, https:\/\/stemarie-derval.fr\/wp-content\/uploads\/2022\/11\/tri-des-dechets-768x671.jpg 768w, https:\/\/stemarie-derval.fr\/wp-content\/uploads\/2022\/11\/tri-des-dechets.jpg 1080w\" sizes=\"(max-width: 1024px) 100vw, 1024px\" \/><\/a><\/p>\n","protected":false},"excerpt":{"rendered":"<p>Un intervenant de la com-com de Ch\u00e2teaubriant est venu dans notre classe pour nous aider \u00e0 comprendre comment bien trier les d\u00e9chets \u00e0 la maison. Nous avons commenc\u00e9 par rep\u00e9rer les d\u00e9chets qui allaient dans le sac jaune, puis nous avons parl\u00e9 du tri des d\u00e9chets en g\u00e9n\u00e9ral (papier, verre, piles, d\u00e9chets verts&#8230;) Ensuite nous<\/p>\n<p><a href=\"https:\/\/stemarie-derval.fr\/?p=4723\" class=\"more-link themebutton\">Lire la suite<\/a><\/p>\n","protected":false},"author":9,"featured_media":0,"comment_status":"closed","ping_status":"closed","sticky":false,"template":"","format":"standard","meta":{"footnotes":""},"categories":[7],"tags":[],"_links":{"self":[{"href":"https:\/\/stemarie-derval.fr\/index.php?rest_route=\/wp\/v2\/posts\/4723"}],"collection":[{"href":"https:\/\/stemarie-derval.fr\/index.php?rest_route=\/wp\/v2\/posts"}],"about":[{"href":"https:\/\/stemarie-derval.fr\/index.php?rest_route=\/wp\/v2\/types\/post"}],"author":[{"embeddable":true,"href":"https:\/\/stemarie-derval.fr\/index.php?rest_route=\/wp\/v2\/users\/9"}],"replies":[{"embeddable":true,"href":"https:\/\/stemarie-derval.fr\/index.php?rest_route=%2Fwp%2Fv2%2Fcomments&post=4723"}],"version-history":[{"count":1,"href":"https:\/\/stemarie-derval.fr\/index.php?rest_route=\/wp\/v2\/posts\/4723\/revisions"}],"predecessor-version":[{"id":4725,"href":"https:\/\/stemarie-derval.fr\/index.php?rest_route=\/wp\/v2\/posts\/4723\/revisions\/4725"}],"wp:attachment":[{"href":"https:\/\/stemarie-derval.fr\/index.php?rest_route=%2Fwp%2Fv2%2Fmedia&parent=4723"}],"wp:term":[{"taxonomy":"category","embeddable":true,"href":"https:\/\/stemarie-derval.fr\/index.php?rest_route=%2Fwp%2Fv2%2Fcategories&post=4723"},{"taxonomy":"post_tag","embeddable":true,"href":"https:\/\/stemarie-derval.fr\/index.php?rest_route=%2Fwp%2Fv2%2Ftags&post=4723"}],"curies":[{"name":"wp","href":"https:\/\/api.w.org\/{rel}","templated":true}]}}