{"id":4726,"date":"2022-10-14T15:12:07","date_gmt":"2022-10-14T13:12:07","guid":{"rendered":"https:\/\/stemarie-derval.fr\/?p=4726"},"modified":"2022-11-24T15:14:05","modified_gmt":"2022-11-24T14:14:05","slug":"la-semaine-du-gout-3","status":"publish","type":"post","link":"https:\/\/stemarie-derval.fr\/?p=4726","title":{"rendered":"La semaine du gout"},"content":{"rendered":"<p>Pour la semaine du go\u00fbt nous avons eu plusieurs animations :<\/p>\n<p>&#8211; des interventions de Marina, du restaurant scolaire, sur les familles d&rsquo;aliments, les saveurs, les f\u00e9culents, &#8230;<\/p>\n<p>&#8211; un petit d\u00e9jeuner en classe avec les \u00e9l\u00e8ves de la classe de B\u00e9n\u00e9dicte<\/p>\n<p><a href=\"https:\/\/stemarie-derval.fr\/wp-content\/uploads\/2022\/11\/pixiz-24-11-2022-15-11-26.jpg\"><img loading=\"lazy\" decoding=\"async\" class=\"aligncenter size-full wp-image-4727\" src=\"https:\/\/stemarie-derval.fr\/wp-content\/uploads\/2022\/11\/pixiz-24-11-2022-15-11-26.jpg\" alt=\"\" width=\"768\" height=\"1024\" srcset=\"https:\/\/stemarie-derval.fr\/wp-content\/uploads\/2022\/11\/pixiz-24-11-2022-15-11-26.jpg 768w, https:\/\/stemarie-derval.fr\/wp-content\/uploads\/2022\/11\/pixiz-24-11-2022-15-11-26-225x300.jpg 225w\" sizes=\"(max-width: 768px) 100vw, 768px\" \/><\/a><\/p>\n","protected":false},"excerpt":{"rendered":"<p>Pour la semaine du go\u00fbt nous avons eu plusieurs animations : &#8211; des interventions de Marina, du restaurant scolaire, sur les familles d&rsquo;aliments, les saveurs, les f\u00e9culents, &#8230; &#8211; un petit d\u00e9jeuner en classe avec les \u00e9l\u00e8ves de la classe de B\u00e9n\u00e9dicte<\/p>\n","protected":false},"author":9,"featured_media":0,"comment_status":"closed","ping_status":"closed","sticky":false,"template":"","format":"standard","meta":{"footnotes":""},"categories":[7],"tags":[],"_links":{"self":[{"href":"https:\/\/stemarie-derval.fr\/index.php?rest_route=\/wp\/v2\/posts\/4726"}],"collection":[{"href":"https:\/\/stemarie-derval.fr\/index.php?rest_route=\/wp\/v2\/posts"}],"about":[{"href":"https:\/\/stemarie-derval.fr\/index.php?rest_route=\/wp\/v2\/types\/post"}],"author":[{"embeddable":true,"href":"https:\/\/stemarie-derval.fr\/index.php?rest_route=\/wp\/v2\/users\/9"}],"replies":[{"embeddable":true,"href":"https:\/\/stemarie-derval.fr\/index.php?rest_route=%2Fwp%2Fv2%2Fcomments&post=4726"}],"version-history":[{"count":1,"href":"https:\/\/stemarie-derval.fr\/index.php?rest_route=\/wp\/v2\/posts\/4726\/revisions"}],"predecessor-version":[{"id":4728,"href":"https:\/\/stemarie-derval.fr\/index.php?rest_route=\/wp\/v2\/posts\/4726\/revisions\/4728"}],"wp:attachment":[{"href":"https:\/\/stemarie-derval.fr\/index.php?rest_route=%2Fwp%2Fv2%2Fmedia&parent=4726"}],"wp:term":[{"taxonomy":"category","embeddable":true,"href":"https:\/\/stemarie-derval.fr\/index.php?rest_route=%2Fwp%2Fv2%2Fcategories&post=4726"},{"taxonomy":"post_tag","embeddable":true,"href":"https:\/\/stemarie-derval.fr\/index.php?rest_route=%2Fwp%2Fv2%2Ftags&post=4726"}],"curies":[{"name":"wp","href":"https:\/\/api.w.org\/{rel}","templated":true}]}}