{"id":4733,"date":"2022-11-24T20:06:22","date_gmt":"2022-11-24T19:06:22","guid":{"rendered":"https:\/\/stemarie-derval.fr\/?p=4733"},"modified":"2022-11-24T20:06:22","modified_gmt":"2022-11-24T19:06:22","slug":"le-marche-de-noel-2","status":"publish","type":"post","link":"https:\/\/stemarie-derval.fr\/?p=4733","title":{"rendered":"Le march\u00e9 de No\u00ebl"},"content":{"rendered":"<p>Vous trouverez sur le stand de l&rsquo;\u00e9cole au march\u00e9 de No\u00ebl les r\u00e9alisations faites par notre classe:\u00a0 des sapins en po\u00e9sie de papier et des pots de pr\u00e9parations \u00ab\u00a0sos cookies\u00a0\u00bb.<br \/>\nN&rsquo;h\u00e9sitez pas \u00e0 aller y faire un tour !<\/p>\n<p><a href=\"https:\/\/stemarie-derval.fr\/wp-content\/uploads\/2022\/11\/pixiz-24-11-2022-20-01-19.jpg\"><img loading=\"lazy\" decoding=\"async\" class=\"aligncenter size-full wp-image-4734\" src=\"https:\/\/stemarie-derval.fr\/wp-content\/uploads\/2022\/11\/pixiz-24-11-2022-20-01-19.jpg\" alt=\"\" width=\"480\" height=\"480\" srcset=\"https:\/\/stemarie-derval.fr\/wp-content\/uploads\/2022\/11\/pixiz-24-11-2022-20-01-19.jpg 480w, https:\/\/stemarie-derval.fr\/wp-content\/uploads\/2022\/11\/pixiz-24-11-2022-20-01-19-300x300.jpg 300w, https:\/\/stemarie-derval.fr\/wp-content\/uploads\/2022\/11\/pixiz-24-11-2022-20-01-19-150x150.jpg 150w\" sizes=\"(max-width: 480px) 100vw, 480px\" \/><\/a><\/p>\n","protected":false},"excerpt":{"rendered":"<p>Vous trouverez sur le stand de l&rsquo;\u00e9cole au march\u00e9 de No\u00ebl les r\u00e9alisations faites par notre classe:\u00a0 des sapins en po\u00e9sie de papier et des pots de pr\u00e9parations \u00ab\u00a0sos cookies\u00a0\u00bb. N&rsquo;h\u00e9sitez pas \u00e0 aller y faire un tour !<\/p>\n","protected":false},"author":9,"featured_media":0,"comment_status":"closed","ping_status":"closed","sticky":false,"template":"","format":"standard","meta":{"footnotes":""},"categories":[7],"tags":[],"_links":{"self":[{"href":"https:\/\/stemarie-derval.fr\/index.php?rest_route=\/wp\/v2\/posts\/4733"}],"collection":[{"href":"https:\/\/stemarie-derval.fr\/index.php?rest_route=\/wp\/v2\/posts"}],"about":[{"href":"https:\/\/stemarie-derval.fr\/index.php?rest_route=\/wp\/v2\/types\/post"}],"author":[{"embeddable":true,"href":"https:\/\/stemarie-derval.fr\/index.php?rest_route=\/wp\/v2\/users\/9"}],"replies":[{"embeddable":true,"href":"https:\/\/stemarie-derval.fr\/index.php?rest_route=%2Fwp%2Fv2%2Fcomments&post=4733"}],"version-history":[{"count":1,"href":"https:\/\/stemarie-derval.fr\/index.php?rest_route=\/wp\/v2\/posts\/4733\/revisions"}],"predecessor-version":[{"id":4735,"href":"https:\/\/stemarie-derval.fr\/index.php?rest_route=\/wp\/v2\/posts\/4733\/revisions\/4735"}],"wp:attachment":[{"href":"https:\/\/stemarie-derval.fr\/index.php?rest_route=%2Fwp%2Fv2%2Fmedia&parent=4733"}],"wp:term":[{"taxonomy":"category","embeddable":true,"href":"https:\/\/stemarie-derval.fr\/index.php?rest_route=%2Fwp%2Fv2%2Fcategories&post=4733"},{"taxonomy":"post_tag","embeddable":true,"href":"https:\/\/stemarie-derval.fr\/index.php?rest_route=%2Fwp%2Fv2%2Ftags&post=4733"}],"curies":[{"name":"wp","href":"https:\/\/api.w.org\/{rel}","templated":true}]}}