{"id":4808,"date":"2024-02-08T08:58:02","date_gmt":"2024-02-08T07:58:02","guid":{"rendered":"https:\/\/stemarie-derval.fr\/?p=4808"},"modified":"2024-02-08T09:41:53","modified_gmt":"2024-02-08T08:41:53","slug":"le-livret-daccueil-des-futurs-petites-sections","status":"publish","type":"post","link":"https:\/\/stemarie-derval.fr\/?p=4808","title":{"rendered":"Le livret d&rsquo;accueil des futurs Petites Sections"},"content":{"rendered":"<p>Le livret est disponible en lecture directe ou t\u00e9l\u00e9chargeable sous ce lien.<a href=\"https:\/\/stemarie-derval.fr\/wp-content\/uploads\/2024\/02\/Livret-daccueil-version-longue-fevrier-2024.pdf\">Livret d&rsquo;accueil version longue f\u00e9vrier 2024<\/a><\/p>\n<table width=\"100%\">\n<tbody>\n<tr>\n<td><strong>BIENVENUE A L\u2019ECOLE SAINTE MARIE !<\/strong><\/td>\n<\/tr>\n<\/tbody>\n<\/table>\n<p>Votre enfant va rentrer \u00e0 l&rsquo;\u00e9cole maternelle, toute l\u2019\u00e9quipe lui souhaite la bienvenue ainsi qu\u2019\u00e0 sa famille.<\/p>\n<p>C\u2019est une \u00e9tape importante qui va s\u2019accompagner de changements.<\/p>\n<p>Afin que cette transition s\u2019effectue dans de bonnes conditions, nous avons regroup\u00e9 dans ce livret les renseignements et les conseils qui nous paraissent importants pour vous et pour le bien-\u00eatre de votre enfant.<\/p>\n<p><strong><em><u>Notre \u00e9cole maternelle est ouverte aux enfants de 3 \u00e0 6 ans<\/u><\/em><\/strong><strong><em> :<img loading=\"lazy\" decoding=\"async\" class=\"size-full wp-image-4860 alignright\" src=\"https:\/\/stemarie-derval.fr\/wp-content\/uploads\/2024\/02\/Livret-daccueil-image-1.png\" alt=\"\" width=\"186\" height=\"187\" srcset=\"https:\/\/stemarie-derval.fr\/wp-content\/uploads\/2024\/02\/Livret-daccueil-image-1.png 186w, https:\/\/stemarie-derval.fr\/wp-content\/uploads\/2024\/02\/Livret-daccueil-image-1-150x150.png 150w\" sizes=\"(max-width: 186px) 100vw, 186px\" \/><\/em><\/strong><\/p>\n<ul>\n<li>Section des petits : enfants n\u00e9s en 2021<\/li>\n<li>Section des moyens : enfants n\u00e9s en 2020<\/li>\n<li>Section des grands : enfants n\u00e9s en 2019<\/li>\n<\/ul>\n<p><strong><em><u>Pour une bonne scolarit\u00e9 \u00e0 l\u2019\u00e9cole maternelle\u00a0<\/u><\/em><\/strong><strong><em>:<\/em><\/strong><\/p>\n<ul>\n<li>Il faut que les relations des parents avec l\u2019\u00e9cole permettent d\u2019expliquer, de dire, de se d\u00e9couvrir mutuellement, de se conna\u00eetre.<em><br \/>\n<\/em><\/li>\n<\/ul>\n<ul>\n<li>L\u2019inscription \u00e0 l\u2019\u00e9cole maternelle implique l\u2019engagement pour la famille <strong>d\u2019une bonne fr\u00e9quentation<\/strong> souhaitable pour le d\u00e9veloppement de la personnalit\u00e9 de l\u2019enfant en vue d\u2019une bonne scolarit\u00e9 \u00e0 l\u2019\u00e9cole \u00e9l\u00e9mentaire.<em><br \/>\n<\/em><\/li>\n<\/ul>\n<ul>\n<li><strong>Votre enfant est malade<\/strong> ? Merci de pr\u00e9venir l\u2019\u00e9cole (par mail), surtout s\u2019il y a risque de contagion et respecter la dur\u00e9e d\u2019\u00e9viction pr\u00e9conis\u00e9e par votre m\u00e9decin si besoin.<em><br \/>\n<\/em><\/li>\n<\/ul>\n<ul>\n<li>Une <strong>demi-journ\u00e9e d\u2019adaptation<\/strong> est pr\u00e9vue au cours du mois de juin pour les futurs \u00e9l\u00e8ves de petite section. Une r\u00e9union parents-enseignante aura lieu \u00e0 la rentr\u00e9e.<\/li>\n<\/ul>\n<p><strong><em><u>L\u2019\u00e9cole maternelle fait partie de l&rsquo;\u00e9cole primaire<\/u><\/em><\/strong><strong><em> : <\/em><\/strong><\/p>\n<p>Dans l&rsquo;organisation en cycles de l&rsquo;\u00e9cole primaire, l&rsquo;\u00e9cole maternelle couvre <strong>le cycle 1<\/strong> (cycle des apprentissages premiers). Ce n&rsquo;est qu&rsquo;au CP que les enfants entreront progressivement en cycle 2 (apprentissages fondamentaux).<\/p>\n<table width=\"100%\">\n<tbody>\n<tr>\n<td><strong>QUI FAIT QUOI ?<\/strong><\/td>\n<\/tr>\n<\/tbody>\n<\/table>\n<p><strong><em><u>Le directeur<\/u><\/em><\/strong><\/p>\n<p>Le directeur est un enseignant. Il a la charge d\u2019une classe. Pour effectuer le travail de direction, il est remplac\u00e9 aupr\u00e8s des \u00e9l\u00e8ves un jour par semaine. Il est \u00e0 la fois gestionnaire, animateur p\u00e9dagogique, coordinateur. Mais il n&rsquo;a aucun pouvoir hi\u00e9rarchique sur les enseignants de l&rsquo;\u00e9cole. Il \u00e9labore \u00e9galement le projet d&rsquo;\u00e9cole, accompagn\u00e9 de toute l&rsquo;\u00e9quipe scolaire, et pr\u00e9side le conseil d&rsquo;\u00e9cole. Du c\u00f4t\u00e9 des parents, il les re\u00e7oit pour les inscriptions ou \u00e0 leur demande, organise les \u00e9lections des repr\u00e9sentants de parents d&rsquo;\u00e9l\u00e8ves, intervient si n\u00e9cessaire dans un conflit enseignant\/parent.<\/p>\n<p><strong><em><u>Le ma\u00eetre ou la ma\u00eetresse<\/u><\/em><\/strong><\/p>\n<p>Les enseignants de la maternelle ou de l\u2019\u00e9l\u00e9mentaire re\u00e7oivent la m\u00eame formation. Ils peuvent assurer toutes les classes de la maternelle au CM2. L&rsquo;enseignant de maternelle marque une rupture avec la nounou ou les pu\u00e9ricultrices de la cr\u00e8che puisque, avec lui, l&rsquo;enfant devient un \u00e9l\u00e8ve. A l&rsquo;\u00e9cole maternelle, la priorit\u00e9 est donn\u00e9e \u00e0 la socialisation, la ma\u00eetrise de l&rsquo;oral, le rep\u00e9rage dans l&rsquo;espace et le temps, et aux premi\u00e8res notions math\u00e9matiques.<\/p>\n<p><strong><em><u>L&rsquo;A.S.E.M<\/u><\/em><\/strong><\/p>\n<p>L\u2019Agent Sp\u00e9cialis\u00e9 des \u00c9coles Maternelles, pr\u00e9sente en petite section de maternelle, poss\u00e8de un dipl\u00f4me Petite enfance et est recrut\u00e9e par l\u2019OGEC. Rattach\u00e9e \u00e0 l&rsquo;enseignant, l&rsquo;Asem joue un r\u00f4le tr\u00e8s important dans la classe. Elle surveille les enfants, pr\u00e9pare les \u00e9l\u00e9ments pour les diff\u00e9rentes activit\u00e9s, accompagne aux toilettes, aide les enfants \u00e0 s&rsquo;habiller quand ils sortent en r\u00e9cr\u00e9ation, range le mat\u00e9riel&#8230;<\/p>\n<p><strong><em><u>Le R.A.S.E.D<\/u><\/em><\/strong><\/p>\n<p>Le R\u00e9seau d&rsquo;Aides Sp\u00e9cialis\u00e9es aux \u00c9l\u00e8ves en Difficult\u00e9 peut intervenir dans l&rsquo;\u00e9cole, sur demande des enseignants et avec l\u2019accord des familles, soit au sein de la classe, soit dans une classe \u00e0 part, de mani\u00e8re individualis\u00e9e ou par petits groupes. Il existe deux types d&rsquo;enseignants : le ma\u00eetre E pour les difficult\u00e9s d&rsquo;apprentissage scolaire et le ma\u00eetre G pour les enfants qui ont du mal \u00e0 s\u2019adapter \u00e0 l\u2019\u00e9cole et aux exigences scolaires.<\/p>\n<p><strong><em><u>La psychologue scolaire<\/u><\/em><\/strong><\/p>\n<p>C&rsquo;est une enseignante, membre du RASED, qui a suivi une formation en psychologie. Elle travaille dans plusieurs \u00e9coles et peut intervenir \u00e0 la demande de l&rsquo;enseignant si ce dernier constate des difficult\u00e9s. Avec l&rsquo;accord des parents, elle peut faire un bilan et proposer un suivi de l&rsquo;enfant.<\/p>\n<p><strong><em><u>Le m\u00e9decin scolaire<\/u><\/em><\/strong><\/p>\n<p>Il est rattach\u00e9 \u00e0 l\u2019\u00c9ducation nationale et travaille sur plusieurs \u00e9coles. Il re\u00e7oit tous les enfants de petite section pour un bilan complet (d\u00e9veloppement psychomoteur, vue, audition).<\/p>\n<table width=\"100%\">\n<tbody>\n<tr>\n<td><strong>Votre enfant est-il pr\u00eat \u00e0 vivre \u00e0 l\u2019\u00e9cole ?<\/strong><\/td>\n<\/tr>\n<\/tbody>\n<\/table>\n<table width=\"100%\">\n<tbody>\n<tr>\n<td><strong>CONSEILS DE RENTREE<\/strong><\/td>\n<\/tr>\n<\/tbody>\n<\/table>\n<p><strong>UNE RENTREE SEREINE<img loading=\"lazy\" decoding=\"async\" class=\"size-full wp-image-4861 alignright\" src=\"https:\/\/stemarie-derval.fr\/wp-content\/uploads\/2024\/02\/Livret-daccueil-image-2.png\" alt=\"\" width=\"177\" height=\"196\" \/><\/strong><\/p>\n<p><strong>L\u2019entr\u00e9e en maternelle<\/strong><strong> une \u00e9tape importante<\/strong><strong>\u00a0 qui se pr\u00e9pare bien avant la rentr\u00e9e:<\/strong><strong>\u00a0<\/strong><\/p>\n<ul>\n<li><strong> Accompagnez votre enfant le premier jour<\/strong> : c&rsquo;est indispensable. Montrez-vous s\u00fbr(e) de vous, il sera s\u00fbr de lui. Soyez naturel(le).<\/li>\n<li><strong> Marquez son pr\u00e9nom sur les v\u00eatements<\/strong> afin que tout le monde sache que ce sont ses affaires.<\/li>\n<li>Vous \u00eates \u00e9mu(e), ne le montrez pas. Rassurez-le, <strong>d\u00eetes-lui que vous partez et que vous allez revenir le chercher,<\/strong> sans oublier le bisou.<\/li>\n<li><strong> Laissez-le apporter son objet familier<\/strong> (doudou) : c&rsquo;est le lien rassurant avec la maison.<\/li>\n<li><strong> Il ne vous dit rien sur l&rsquo;\u00e9cole<\/strong> : normal, c&rsquo;est son jardin secret. Il vous en parlera peut-\u00eatre plus tard&#8230;<\/li>\n<li><strong> Respectez l&rsquo;heure de la sortie<\/strong>, bien des larmes seront ainsi \u00e9vit\u00e9es.<\/li>\n<li><strong> Respectez aussi l&rsquo;heure de l&rsquo;entr\u00e9e <\/strong>: votre enfant se sentira int\u00e9gr\u00e9 dans le groupe et pourra profiter calmement des coins jeux.<\/li>\n<li><strong> Un bobo, une dispute&#8230;<\/strong> Pas de panique, ce n&rsquo;est pas grave. Rassurez-le, l&rsquo;\u00e9cole, c&rsquo;est aussi l&rsquo;\u00e9cole de la vie. La maitresse est toujours l\u00e0 pour r\u00e9gler tous les petits probl\u00e8mes, et assurer le bien-\u00eatre des enfants.<\/li>\n<li><strong> Un doute, un probl\u00e8me, un besoin&#8230;<\/strong> parlez-en \u00e0 la ma\u00eetresse, votre enfant sera sensible \u00e0 la confiance r\u00e9ciproque entre l\u2019\u00e9cole et la famille.<\/li>\n<li><strong> Pour l\u2019ann\u00e9e scolaire, votre enfant aura besoin<\/strong><\/li>\n<\/ul>\n<p>&#8211;\u00a0 d\u2019une bo\u00eete de mouchoirs, un rouleau de sopalin,<\/p>\n<p>&#8211;\u00a0 de <strong>quatre photos d\u2019identit\u00e9<\/strong>,<\/p>\n<p>&#8211;\u00a0 d\u2019une tenue de rechange dans un petit sac \u00e0 dos,<img loading=\"lazy\" decoding=\"async\" class=\"size-full wp-image-4862 alignleft\" src=\"https:\/\/stemarie-derval.fr\/wp-content\/uploads\/2024\/02\/Livret-daccueil-image-3.png\" alt=\"\" width=\"159\" height=\"152\" \/><\/p>\n<p>&#8211;\u00a0 d\u2019un sac de couchage marqu\u00e9 \u00e0 son nom.<\/p>\n<p><strong>Pour lui, l\u2019entr\u00e9e en maternelle est une v\u00e9ritable aventure\u00a0:<\/strong><\/p>\n<p><strong>\u00a0aidez-le \u00e0 ce qu\u2019elle soit l\u2019une des plus belles de sa vie<\/strong>.<\/p>\n<table width=\"100%\">\n<tbody>\n<tr>\n<td><strong>Comment aider son enfant \u00e0 devenir un \u00e9l\u00e8ve ?<\/strong><\/td>\n<\/tr>\n<\/tbody>\n<\/table>\n<p><strong>Entr\u00e9e \u00e0 l\u2019\u00e9cole, c\u2019est entrer dans une collectivit\u00e9 qui a un programme d\u2019enseignement, mais c\u2019est \u00e9galement entrer dans une collectivit\u00e9 qui a ses r\u00e8gles de vie.<\/strong><\/p>\n<p><strong>\u00a0<\/strong><strong><em><u>A l\u2019\u00e9cole maternelle, on apprend \u00e0 devenir \u00e9l\u00e8ve<\/u><\/em><\/strong><\/p>\n<p>Mais c\u2019est \u00e0 la maison que l\u2019on apprend \u00e0 dire les mots magiques\u00a0:<\/p>\n<p>\u00ab Bonjour, au revoir, s\u2019il te plait, merci, est-ce que je peux\u2026\u00bb<\/p>\n<p>C\u2019est aussi \u00e0 la maison que l\u2019on apprend \u00e0 respecter les autres: ses camarades, les personnes de l\u2019\u00e9cole, \u00e0 respecter ses affaires et celles des autres, \u00e0 faire preuve de solidarit\u00e9, \u00eatre ponctuel mais aussi \u00e0 ne pas mentir, dire de gros mots, se rouler dans la boue, taper, cracher, crier, mordre\u2026<img loading=\"lazy\" decoding=\"async\" class=\"size-full wp-image-4863 aligncenter\" src=\"https:\/\/stemarie-derval.fr\/wp-content\/uploads\/2024\/02\/Livret-daccueil-image-4.png\" alt=\"\" width=\"212\" height=\"208\" \/><\/p>\n<p>A la maison, on peut aussi commencer \u00e0 apprendre \u00e0 jouer ensemble, \u00e0 attendre son tour, \u00e0 partager, accepter de perdre, se moucher, aller aux toilettes seul, mettre son manteau et ses chaussures \u2026<\/p>\n<p><strong><em><u>A l\u2019\u00e9cole maternelle, on apprend \u00e0 devenir autonome<\/u><\/em><\/strong><\/p>\n<p><img loading=\"lazy\" decoding=\"async\" class=\"size-full wp-image-4864 alignleft\" src=\"https:\/\/stemarie-derval.fr\/wp-content\/uploads\/2024\/02\/Livret-daccueil-image-5.png\" alt=\"\" width=\"192\" height=\"166\" \/>Mettez des <strong>v\u00eatements pratiques<\/strong> et non fragiles \u00e0 vos enfants\u00a0: pas de salopette, bretelles, ceinture, gants, chaussures qui ne tiennent pas aux pieds\u2026<\/p>\n<p>N\u2019oubliez pas de <strong>marquer toutes ses affaires<\/strong>.<\/p>\n<table width=\"100%\">\n<tbody>\n<tr>\n<td><strong>C\u2019EST QUAND L\u2019ECOLE ?<\/strong><\/td>\n<\/tr>\n<\/tbody>\n<\/table>\n<table width=\"100%\">\n<tbody>\n<tr>\n<td>\u00a0\u00a0\u00a0\u00a0\u00a0\u00a0\u00a0\u00a0\u00a0\u00a0\u00a0\u00a0\u00a0\u00a0\u00a0\u00a0\u00a0\u00a0\u00a0\u00a0\u00a0\u00a0\u00a0\u00a0\u00a0\u00a0\u00a0\u00a0\u00a0\u00a0\u00a0\u00a0\u00a0\u00a0 \u00a0\u00a0\u00a0\u00a0 <img loading=\"lazy\" decoding=\"async\" class=\"size-full wp-image-4865 alignleft\" src=\"https:\/\/stemarie-derval.fr\/wp-content\/uploads\/2024\/02\/Livret-daccueil-image-6.png\" alt=\"\" width=\"119\" height=\"155\" \/><strong><u>HORAIRES DE L\u2019ECOLE<\/u><\/strong><\/p>\n<p>Nous comptons sur vous pour respecter les horaires. Tout retard \u00e9ventuel peut provoquer des angoisses pour l\u2019enfant et perturber le service.<\/p>\n<p><strong><u>MATIN<\/u><\/strong><strong>\u00a0:<\/strong> 8 H 35 \/ 12 H 15<\/p>\n<p><strong><u>APRES-MIDI<\/u><\/strong><strong>\u00a0: <\/strong>13 H 40 \/ 16 H 35<\/p>\n<p>L\u2019accueil du matin se fait dans la classe de 8 H 35 \u00e0 8 H 50.<\/p>\n<p>Les portails seront ferm\u00e9s \u00e0 cl\u00e9s en dehors des horaires.<\/td>\n<\/tr>\n<\/tbody>\n<\/table>\n<p><strong>\u00a0<\/strong>\u00a0\u00a0\u00a0\u00a0\u00a0\u00a0\u00a0\u00a0\u00a0\u00a0\u00a0\u00a0\u00a0\u00a0\u00a0\u00a0\u00a0\u00a0\u00a0\u00a0\u00a0\u00a0\u00a0\u00a0\u00a0\u00a0\u00a0\u00a0\u00a0\u00a0\u00a0\u00a0\u00a0\u00a0 \u00a0\u00a0\u00a0\u00a0\u00a0\u00a0\u00a0 <strong><u>REGLEMENT INTERIEUR<\/u><\/strong><\/p>\n<table width=\"100%\">\n<tbody>\n<tr>\n<td>Le r\u00e8glement int\u00e9rieur de l\u2019\u00e9cole vous sera remis \u00e0 la rentr\u00e9e.<\/p>\n<p><strong><u>\u00a0<\/u><\/strong><strong><u>ASSURANCE<\/u><\/strong><\/p>\n<p>Les enfants doivent \u00eatre assur\u00e9s pour toutes les activit\u00e9s telles que sorties, spectacles et activit\u00e9s sportives.<\/p>\n<p><img loading=\"lazy\" decoding=\"async\" class=\"aligncenter size-full wp-image-4867\" src=\"https:\/\/stemarie-derval.fr\/wp-content\/uploads\/2024\/02\/Livret-daccueil-image-8.png\" alt=\"\" width=\"289\" height=\"76\" \/><\/p>\n<p>Les parents v\u00e9rifient que leur assurance personnelle garantit ces risques scolaires. Ils souscrivent \u00e0 l&rsquo;assurance individuelle scolaire de l&rsquo;\u00e9cole.<\/td>\n<\/tr>\n<\/tbody>\n<\/table>\n<table width=\"100%\">\n<tbody>\n<tr>\n<td><strong>PERISCOLAIRE<\/strong><\/td>\n<\/tr>\n<\/tbody>\n<\/table>\n<table width=\"100%\">\n<tbody>\n<tr>\n<td><strong>RESTAURANT SCOLAIRE<\/strong><\/td>\n<\/tr>\n<\/tbody>\n<\/table>\n<table width=\"100%\">\n<tbody>\n<tr>\n<td><strong>Que fait-on \u00e0 la maternelle\u00a0?<\/strong><\/td>\n<\/tr>\n<\/tbody>\n<\/table>\n<table width=\"100%\">\n<tbody>\n<tr>\n<td>Le restaurant scolaire \u00ab Les Voyageurs \u00bb est ouvert aux enfants des \u00e9coles primaires de la commune de Derval<\/p>\n<p>L\u2019association \u201cLes Voyageurs\u201d assure la gestion du repas ainsi que la surveillance du temps du midi pour les deux \u00e9coles.<\/p>\n<p>Les repas sont livr\u00e9s en liaison froide par la soci\u00e9t\u00e9 \u00ab\u00a0Oc\u00e9ane de Restauration \u00bb de F\u00e9gr\u00e9ac.<\/p>\n<p>Vous pouvez r\u00e9server vos repas en fonction de vos besoins et pour toute l\u2019ann\u00e9e scolaire.<\/p>\n<p>Attention, les r\u00e9servations doivent se faire au plus tard, le lundi avant 10 h pour la semaine suivante.<\/td>\n<\/tr>\n<\/tbody>\n<\/table>\n<table width=\"100%\">\n<tbody>\n<tr>\n<td>L\u2019accueil P\u00e9riscolaire se situe au 4 rue du tourniquet 44590 DERVAL<\/p>\n<p><img loading=\"lazy\" decoding=\"async\" class=\"aligncenter size-full wp-image-4868\" src=\"https:\/\/stemarie-derval.fr\/wp-content\/uploads\/2024\/02\/Livret-daccueil-image-9.png\" alt=\"\" width=\"347\" height=\"132\" srcset=\"https:\/\/stemarie-derval.fr\/wp-content\/uploads\/2024\/02\/Livret-daccueil-image-9.png 347w, https:\/\/stemarie-derval.fr\/wp-content\/uploads\/2024\/02\/Livret-daccueil-image-9-300x114.png 300w\" sizes=\"(max-width: 347px) 100vw, 347px\" \/><\/p>\n<p>Les enfants sont accueillis\u00a0:<\/p>\n<p>&#8211;\u00a0\u00a0\u00a0\u00a0\u00a0\u00a0\u00a0\u00a0 \u00a0le <strong>matin \u00e0 partir de 7h30<\/strong><\/p>\n<p>&#8211;\u00a0\u00a0\u00a0\u00a0\u00a0\u00a0\u00a0\u00a0 \u00a0le <strong>soir jusqu\u2019\u00e0 18h30<\/strong>.<\/p>\n<p>Les enfants sont accueillis dans un cadre s\u00e9curis\u00e9 o\u00f9 ils peuvent se divertir.<\/td>\n<\/tr>\n<\/tbody>\n<\/table>\n<p><strong><em>Les 5 domaines d\u2019apprentissages des programmes 2021 de l\u2019\u00e9cole maternelle<\/em><\/strong><\/p>\n<p><strong><em>\u00a0<\/em><\/strong><strong>En s&rsquo;appuyant sur le besoin d&rsquo;agir et sur le plaisir du jeu et en respectant les besoins et les rythmes biologiques de chacun, l\u2019\u00e9cole organise des modalit\u00e9s sp\u00e9cifiques :<\/strong><\/p>\n<ul>\n<li>Apprendre en jouant<\/li>\n<li>Apprendre en r\u00e9fl\u00e9chissant et en r\u00e9solvant des probl\u00e8mes<\/li>\n<li>Apprendre en s\u2019exer\u00e7ant<\/li>\n<li>Apprendre en se rem\u00e9morant et en m\u00e9morisant<\/li>\n<\/ul>\n<table width=\"100%\">\n<tbody>\n<tr>\n<td><strong>Le respect des besoins des enfants &#8211; 1<\/strong><\/td>\n<\/tr>\n<\/tbody>\n<\/table>\n<p><strong><em>Besoins physiologiques et moteurs<img loading=\"lazy\" decoding=\"async\" class=\"aligncenter size-full wp-image-4870\" src=\"https:\/\/stemarie-derval.fr\/wp-content\/uploads\/2024\/02\/Livret-daccueil-image-11.png\" alt=\"\" width=\"109\" height=\"102\" \/><\/em><\/strong><\/p>\n<table width=\"100%\">\n<tbody>\n<tr>\n<td><strong>Le respect des besoins des enfants &#8211; 2<\/strong><\/td>\n<\/tr>\n<\/tbody>\n<\/table>\n<p><em>\u00a0<\/em><strong><em>Besoins affectifs<img loading=\"lazy\" decoding=\"async\" class=\"aligncenter size-full wp-image-4871\" src=\"https:\/\/stemarie-derval.fr\/wp-content\/uploads\/2024\/02\/Livret-daccueil-image-12.png\" alt=\"\" width=\"176\" height=\"166\" \/><\/em><\/strong><\/p>\n<table width=\"100%\">\n<tbody>\n<tr>\n<td><strong>Le respect des besoins des enfants &#8211; 3<\/strong><\/td>\n<\/tr>\n<\/tbody>\n<\/table>\n<p><strong><em>Besoins d\u2019apprendre<img loading=\"lazy\" decoding=\"async\" class=\"aligncenter size-full wp-image-4872\" src=\"https:\/\/stemarie-derval.fr\/wp-content\/uploads\/2024\/02\/Livret-daccueil-image-13.png\" alt=\"\" width=\"147\" height=\"126\" \/><\/em><\/strong><\/p>\n<p><strong><em>\u00a0<\/em><\/strong><strong><u>Nous souhaitons attirer votre attention sur les dangers des \u00e9crans<\/u><\/strong><\/p>\n<p><img loading=\"lazy\" decoding=\"async\" class=\"aligncenter size-full wp-image-4873\" src=\"https:\/\/stemarie-derval.fr\/wp-content\/uploads\/2024\/02\/Livret-daccueil-image-14.png\" alt=\"\" width=\"650\" height=\"457\" srcset=\"https:\/\/stemarie-derval.fr\/wp-content\/uploads\/2024\/02\/Livret-daccueil-image-14.png 650w, https:\/\/stemarie-derval.fr\/wp-content\/uploads\/2024\/02\/Livret-daccueil-image-14-300x211.png 300w\" sizes=\"(max-width: 650px) 100vw, 650px\" \/><\/p>\n<table width=\"100%\">\n<tbody>\n<tr>\n<td>L\u2019\u00e9cole maternelle favorise l\u2019\u00e9panouissement et le d\u00e9veloppement des capacit\u00e9s intellectuelles, relationnelles, motrices, sensorielles des enfants.<\/p>\n<p>Elle constitue le socle \u00e9ducatif sur lequel s\u2019\u00e9difient les apprentissages syst\u00e9matiques de l\u2019\u00e9cole \u00e9l\u00e9mentaire.<\/p>\n<p><strong>L\u2019entr\u00e9e en maternelle est une v\u00e9ritable aventure\u00a0:<\/strong><\/p>\n<p><strong>Faisons en sorte, ensemble, qu\u2019elle soit la plus belle possible.<\/strong><\/p>\n<p><em>B\u00e9atrice Ferron &#8211; Enseignante en Petite Section<\/em><\/p>\n<p><em>David Charpentier \u2013 Chef d\u2019\u00e9tablissement<\/em><\/td>\n<\/tr>\n<\/tbody>\n<\/table>\n<p><strong><u>\u00a0<\/u><\/strong><\/p>\n","protected":false},"excerpt":{"rendered":"<p>Le livret est disponible en lecture directe ou t\u00e9l\u00e9chargeable sous ce lien.Livret d&rsquo;accueil version longue f\u00e9vrier 2024 BIENVENUE A L\u2019ECOLE SAINTE MARIE ! Votre enfant va rentrer \u00e0 l&rsquo;\u00e9cole maternelle, toute l\u2019\u00e9quipe lui souhaite la bienvenue ainsi qu\u2019\u00e0 sa famille. C\u2019est une \u00e9tape importante qui va s\u2019accompagner de changements. Afin que cette transition s\u2019effectue dans<\/p>\n<p><a href=\"https:\/\/stemarie-derval.fr\/?p=4808\" class=\"more-link themebutton\">Lire la suite<\/a><\/p>\n","protected":false},"author":2,"featured_media":4810,"comment_status":"closed","ping_status":"closed","sticky":true,"template":"","format":"standard","meta":{"footnotes":""},"categories":[1,12],"tags":[],"_links":{"self":[{"href":"https:\/\/stemarie-derval.fr\/index.php?rest_route=\/wp\/v2\/posts\/4808"}],"collection":[{"href":"https:\/\/stemarie-derval.fr\/index.php?rest_route=\/wp\/v2\/posts"}],"about":[{"href":"https:\/\/stemarie-derval.fr\/index.php?rest_route=\/wp\/v2\/types\/post"}],"author":[{"embeddable":true,"href":"https:\/\/stemarie-derval.fr\/index.php?rest_route=\/wp\/v2\/users\/2"}],"replies":[{"embeddable":true,"href":"https:\/\/stemarie-derval.fr\/index.php?rest_route=%2Fwp%2Fv2%2Fcomments&post=4808"}],"version-history":[{"count":7,"href":"https:\/\/stemarie-derval.fr\/index.php?rest_route=\/wp\/v2\/posts\/4808\/revisions"}],"predecessor-version":[{"id":4876,"href":"https:\/\/stemarie-derval.fr\/index.php?rest_route=\/wp\/v2\/posts\/4808\/revisions\/4876"}],"wp:featuredmedia":[{"embeddable":true,"href":"https:\/\/stemarie-derval.fr\/index.php?rest_route=\/wp\/v2\/media\/4810"}],"wp:attachment":[{"href":"https:\/\/stemarie-derval.fr\/index.php?rest_route=%2Fwp%2Fv2%2Fmedia&parent=4808"}],"wp:term":[{"taxonomy":"category","embeddable":true,"href":"https:\/\/stemarie-derval.fr\/index.php?rest_route=%2Fwp%2Fv2%2Fcategories&post=4808"},{"taxonomy":"post_tag","embeddable":true,"href":"https:\/\/stemarie-derval.fr\/index.php?rest_route=%2Fwp%2Fv2%2Ftags&post=4808"}],"curies":[{"name":"wp","href":"https:\/\/api.w.org\/{rel}","templated":true}]}}