{"id":5033,"date":"2024-11-14T10:58:59","date_gmt":"2024-11-14T09:58:59","guid":{"rendered":"https:\/\/stemarie-derval.fr\/?p=5033"},"modified":"2024-11-14T12:32:23","modified_gmt":"2024-11-14T11:32:23","slug":"ouest-france-11-novembre-2024","status":"publish","type":"post","link":"https:\/\/stemarie-derval.fr\/?p=5033","title":{"rendered":"Ouest France 11  novembre 2024"},"content":{"rendered":"<p>Samedi, parents et \u00e9l\u00e8ves se sont retrouss\u00e9 les manches pour participer au chantier de plantations d\u2019arbres et arbustes dans l\u2019\u00e9cole Sainte-Marie. <strong>\u00ab\u00a0Notre projet d\u2019\u00e9cole pr\u00e9voit le r\u00e9am\u00e9nagement de la cour de r\u00e9cr\u00e9ation sur trois ans,<\/strong> explique le directeur, David Charpentier. <strong>Cette ann\u00e9e, nous commen\u00e7ons par la v\u00e9g\u00e9talisation.\u00a0\u00bb<\/strong><\/p>\n<p>Termin\u00e9 le tout bitum\u00e9\u00a0; des espaces ont \u00e9t\u00e9 r\u00e9engazonn\u00e9s, des parterres am\u00e9nag\u00e9s, des arbustes et des arbres plant\u00e9s. Les enfants joueront d\u00e9sormais dans un cadre verdoyant au plus pr\u00e8s de la nature.<\/p>\n<p>Par cette matin\u00e9e brumeuse, samedi, les nouvelles plantations offrent un petit rayon de soleil en \u00e9voquant le sud. <strong>\u00ab\u00a0Volontairement nous avons opt\u00e9 pour des essences r\u00e9sistantes, peu gourmandes en eau pour anticiper le changement climatique\u00a0\u00bb,<\/strong> pr\u00e9cise J\u00e9r\u00e9my Hercouet, paysagiste de la soci\u00e9t\u00e9 Design 44, en charge du projet.<\/p>\n<p>Pi\u00e8ce ma\u00eetresse de la plate-bande principale, un magnifique olivier bicentenaire a pris place devant la fa\u00e7ade du b\u00e2timent principal. Dans cette m\u00eame plate-bande, des piquets en forme de crayons ont \u00e9t\u00e9 align\u00e9s. <strong>\u00ab\u00a0Ils serviront de supports aux toiles qui seront tendues aux beaux jours vers le b\u00e2timent, pour cr\u00e9er de l\u2019ombrage dans l\u2019espace ext\u00e9rieur et rafra\u00eechir aussi les salles de classe\u00a0\u00bb,<\/strong> rel\u00e8ve le directeur.<\/p>\n<p>Dans la grande cour de r\u00e9cr\u00e9ation, un ch\u00eane vert d\u2019une trentaine d\u2019ann\u00e9es a \u00e9t\u00e9 au centre de toutes les attentions samedi. Les enfants ont eu l\u2019honneur de balancer les premi\u00e8res pellet\u00e9es dans le grand trou de pr\u00e8s de deux m\u00e8tres de profondeur n\u00e9cessaire \u00e0 sa bonne reprise.<\/p>\n<p>Cette v\u00e9g\u00e9talisation a un co\u00fbt. <strong>\u00ab\u00a0On est sur un budget de 6\u00a0000\u00a0\u20ac financ\u00e9s par l\u2019Ogec et les actions de l\u2019Apel,<\/strong> rapporte Michel Herrault, le tr\u00e9sorier de l\u2019Ogec. <strong>Ce projet appartient \u00e0 tous les parents,<\/strong> estime ce dernier. <strong>Nous voulons construire l\u2019\u00e9cole de demain avec les comp\u00e9tences des uns et des autres. Le but est qu\u2019il soit p\u00e9renne, c\u2019est un projet qui doit vivre et \u00e9voluer\u00a0\u00bb.<\/strong><\/p>\n<p><iframe loading=\"lazy\" title=\"v\u00e9g\u00e9talisation de la cour de r\u00e9cr\u00e9ation de l&#039;\u00e9cole Sainte Marie\" width=\"1170\" height=\"658\" src=\"https:\/\/www.youtube.com\/embed\/JMX7Gcc2L4M?feature=oembed\" frameborder=\"0\" allow=\"accelerometer; autoplay; clipboard-write; encrypted-media; gyroscope; picture-in-picture; web-share\" referrerpolicy=\"strict-origin-when-cross-origin\" allowfullscreen><\/iframe><\/p>\n<p><a href=\"https:\/\/www.ouest-france.fr\/pays-de-la-loire\/derval-44590\/lecole-sainte-marie-se-vegetalise-5aa8eeda-9f93-11ef-8137-8816e784874b\">https:\/\/www.ouest-france.fr\/pays-de-la-loire\/derval-44590\/lecole-sainte-marie-se-vegetalise-5aa8eeda-9f93-11ef-8137-8816e784874b<\/a><\/p>\n<p>&nbsp;<\/p>\n","protected":false},"excerpt":{"rendered":"<p>Samedi, parents et \u00e9l\u00e8ves se sont retrouss\u00e9 les manches pour participer au chantier de plantations d\u2019arbres et arbustes dans l\u2019\u00e9cole Sainte-Marie. \u00ab\u00a0Notre projet d\u2019\u00e9cole pr\u00e9voit le r\u00e9am\u00e9nagement de la cour de r\u00e9cr\u00e9ation sur trois ans, explique le directeur, David Charpentier. Cette ann\u00e9e, nous commen\u00e7ons par la v\u00e9g\u00e9talisation.\u00a0\u00bb Termin\u00e9 le tout bitum\u00e9\u00a0; des espaces ont \u00e9t\u00e9<\/p>\n<p><a href=\"https:\/\/stemarie-derval.fr\/?p=5033\" class=\"more-link themebutton\">Lire la suite<\/a><\/p>\n","protected":false},"author":17,"featured_media":0,"comment_status":"closed","ping_status":"closed","sticky":false,"template":"","format":"standard","meta":{"footnotes":""},"categories":[4],"tags":[],"_links":{"self":[{"href":"https:\/\/stemarie-derval.fr\/index.php?rest_route=\/wp\/v2\/posts\/5033"}],"collection":[{"href":"https:\/\/stemarie-derval.fr\/index.php?rest_route=\/wp\/v2\/posts"}],"about":[{"href":"https:\/\/stemarie-derval.fr\/index.php?rest_route=\/wp\/v2\/types\/post"}],"author":[{"embeddable":true,"href":"https:\/\/stemarie-derval.fr\/index.php?rest_route=\/wp\/v2\/users\/17"}],"replies":[{"embeddable":true,"href":"https:\/\/stemarie-derval.fr\/index.php?rest_route=%2Fwp%2Fv2%2Fcomments&post=5033"}],"version-history":[{"count":2,"href":"https:\/\/stemarie-derval.fr\/index.php?rest_route=\/wp\/v2\/posts\/5033\/revisions"}],"predecessor-version":[{"id":5046,"href":"https:\/\/stemarie-derval.fr\/index.php?rest_route=\/wp\/v2\/posts\/5033\/revisions\/5046"}],"wp:attachment":[{"href":"https:\/\/stemarie-derval.fr\/index.php?rest_route=%2Fwp%2Fv2%2Fmedia&parent=5033"}],"wp:term":[{"taxonomy":"category","embeddable":true,"href":"https:\/\/stemarie-derval.fr\/index.php?rest_route=%2Fwp%2Fv2%2Fcategories&post=5033"},{"taxonomy":"post_tag","embeddable":true,"href":"https:\/\/stemarie-derval.fr\/index.php?rest_route=%2Fwp%2Fv2%2Ftags&post=5033"}],"curies":[{"name":"wp","href":"https:\/\/api.w.org\/{rel}","templated":true}]}}