{"id":534,"date":"2017-01-31T18:46:47","date_gmt":"2017-01-31T17:46:47","guid":{"rendered":"https:\/\/stemarie-derval.fr\/?p=534"},"modified":"2017-01-31T18:46:47","modified_gmt":"2017-01-31T17:46:47","slug":"ateliers-multi-ages","status":"publish","type":"post","link":"https:\/\/stemarie-derval.fr\/?p=534","title":{"rendered":"Ateliers Multi-\u00e2ges"},"content":{"rendered":"<p>Jeudi 26 Janvier, les \u00e9l\u00e8ves de PS, de MS-GS B, de CE2-CM1 et les CM1 ont particip\u00e9 \u00e0 des ateliers d&rsquo;arts plastiques avec les \u00e9l\u00e8ves du lyc\u00e9e agricole de Derval.<\/p>\n<p><a href=\"https:\/\/stemarie-derval.fr\/wp-content\/uploads\/2017\/01\/DSCN3273.jpg\"><img loading=\"lazy\" decoding=\"async\" class=\"size-medium wp-image-551 alignleft\" src=\"https:\/\/stemarie-derval.fr\/wp-content\/uploads\/2017\/01\/DSCN3273-300x225.jpg\" alt=\"\" width=\"300\" height=\"225\" srcset=\"https:\/\/stemarie-derval.fr\/wp-content\/uploads\/2017\/01\/DSCN3273-300x225.jpg 300w, https:\/\/stemarie-derval.fr\/wp-content\/uploads\/2017\/01\/DSCN3273-768x576.jpg 768w, https:\/\/stemarie-derval.fr\/wp-content\/uploads\/2017\/01\/DSCN3273-1024x768.jpg 1024w, https:\/\/stemarie-derval.fr\/wp-content\/uploads\/2017\/01\/DSCN3273.jpg 2048w\" sizes=\"(max-width: 300px) 100vw, 300px\" \/><\/a> <a href=\"https:\/\/stemarie-derval.fr\/wp-content\/uploads\/2017\/01\/DSCN3275.jpg\"><img loading=\"lazy\" decoding=\"async\" class=\"size-medium wp-image-554 alignnone\" src=\"https:\/\/stemarie-derval.fr\/wp-content\/uploads\/2017\/01\/DSCN3275-300x225.jpg\" alt=\"\" width=\"300\" height=\"225\" srcset=\"https:\/\/stemarie-derval.fr\/wp-content\/uploads\/2017\/01\/DSCN3275-300x225.jpg 300w, https:\/\/stemarie-derval.fr\/wp-content\/uploads\/2017\/01\/DSCN3275-768x576.jpg 768w, https:\/\/stemarie-derval.fr\/wp-content\/uploads\/2017\/01\/DSCN3275-1024x768.jpg 1024w, https:\/\/stemarie-derval.fr\/wp-content\/uploads\/2017\/01\/DSCN3275.jpg 2048w\" sizes=\"(max-width: 300px) 100vw, 300px\" \/><\/a><\/p>\n","protected":false},"excerpt":{"rendered":"<p>Jeudi 26 Janvier, les \u00e9l\u00e8ves de PS, de MS-GS B, de CE2-CM1 et les CM1 ont particip\u00e9 \u00e0 des ateliers d&rsquo;arts plastiques avec les \u00e9l\u00e8ves du lyc\u00e9e agricole de Derval.<\/p>\n","protected":false},"author":10,"featured_media":0,"comment_status":"closed","ping_status":"closed","sticky":false,"template":"","format":"standard","meta":{"footnotes":""},"categories":[5],"tags":[],"_links":{"self":[{"href":"https:\/\/stemarie-derval.fr\/index.php?rest_route=\/wp\/v2\/posts\/534"}],"collection":[{"href":"https:\/\/stemarie-derval.fr\/index.php?rest_route=\/wp\/v2\/posts"}],"about":[{"href":"https:\/\/stemarie-derval.fr\/index.php?rest_route=\/wp\/v2\/types\/post"}],"author":[{"embeddable":true,"href":"https:\/\/stemarie-derval.fr\/index.php?rest_route=\/wp\/v2\/users\/10"}],"replies":[{"embeddable":true,"href":"https:\/\/stemarie-derval.fr\/index.php?rest_route=%2Fwp%2Fv2%2Fcomments&post=534"}],"version-history":[{"count":0,"href":"https:\/\/stemarie-derval.fr\/index.php?rest_route=\/wp\/v2\/posts\/534\/revisions"}],"wp:attachment":[{"href":"https:\/\/stemarie-derval.fr\/index.php?rest_route=%2Fwp%2Fv2%2Fmedia&parent=534"}],"wp:term":[{"taxonomy":"category","embeddable":true,"href":"https:\/\/stemarie-derval.fr\/index.php?rest_route=%2Fwp%2Fv2%2Fcategories&post=534"},{"taxonomy":"post_tag","embeddable":true,"href":"https:\/\/stemarie-derval.fr\/index.php?rest_route=%2Fwp%2Fv2%2Ftags&post=534"}],"curies":[{"name":"wp","href":"https:\/\/api.w.org\/{rel}","templated":true}]}}