{"id":556,"date":"2016-11-07T18:47:22","date_gmt":"2016-11-07T17:47:22","guid":{"rendered":"https:\/\/stemarie-derval.fr\/?p=556"},"modified":"2017-01-31T22:17:55","modified_gmt":"2017-01-31T21:17:55","slug":"sortie-en-foret","status":"publish","type":"post","link":"https:\/\/stemarie-derval.fr\/?p=556","title":{"rendered":"Sortie en for\u00eat"},"content":{"rendered":"<p>Jeudi 7 novembre 2016, nous sommes all\u00e9s \u00e0 la for\u00eat du G\u00e2vre\u00a0avec la classe de CP \/ CE1.<\/p>\n<p>Dans le cadre de notre projet d&rsquo;\u00e9cole \u00ab\u00a0l&rsquo;art dans tous ses \u00e9tats\u00a0\u00bb, nous avons exp\u00e9riment\u00e9 le land&rsquo;art.\u00a0Chaque enfant a apport\u00e9 sa touche personnelle \u00e0 l&rsquo;oeuvre collective.<\/p>\n<p>Les 3 groupes ont compos\u00e9 de jolis tableaux aux couleurs automnales \u00e0 l&rsquo;aide des nombreux tr\u00e9sors r\u00e9colt\u00e9s dans la for\u00eat !<\/p>\n<p><a href=\"https:\/\/stemarie-derval.fr\/wp-content\/uploads\/2017\/01\/IMG_3582-e1485884950628.jpg\"><img loading=\"lazy\" decoding=\"async\" class=\"aligncenter size-medium wp-image-573\" src=\"https:\/\/stemarie-derval.fr\/wp-content\/uploads\/2017\/01\/IMG_3582-e1485884950628-225x300.jpg\" alt=\"\" width=\"225\" height=\"300\" srcset=\"https:\/\/stemarie-derval.fr\/wp-content\/uploads\/2017\/01\/IMG_3582-e1485884950628-225x300.jpg 225w, https:\/\/stemarie-derval.fr\/wp-content\/uploads\/2017\/01\/IMG_3582-e1485884950628.jpg 480w\" sizes=\"(max-width: 225px) 100vw, 225px\" \/><\/a><\/p>\n<p><a href=\"https:\/\/stemarie-derval.fr\/wp-content\/uploads\/2017\/01\/IMG_3588-e1485884973656.jpg\"><img loading=\"lazy\" decoding=\"async\" class=\"aligncenter size-medium wp-image-574\" src=\"https:\/\/stemarie-derval.fr\/wp-content\/uploads\/2017\/01\/IMG_3588-e1485884973656-225x300.jpg\" alt=\"\" width=\"225\" height=\"300\" srcset=\"https:\/\/stemarie-derval.fr\/wp-content\/uploads\/2017\/01\/IMG_3588-e1485884973656-225x300.jpg 225w, https:\/\/stemarie-derval.fr\/wp-content\/uploads\/2017\/01\/IMG_3588-e1485884973656.jpg 480w\" sizes=\"(max-width: 225px) 100vw, 225px\" \/><\/a><\/p>\n<p><a href=\"https:\/\/stemarie-derval.fr\/wp-content\/uploads\/2017\/01\/IMG_3556-e1485896841111.jpg\"><img loading=\"lazy\" decoding=\"async\" class=\"aligncenter size-medium wp-image-572\" src=\"https:\/\/stemarie-derval.fr\/wp-content\/uploads\/2017\/01\/IMG_3556-e1485896841111-225x300.jpg\" alt=\"\" width=\"225\" height=\"300\" srcset=\"https:\/\/stemarie-derval.fr\/wp-content\/uploads\/2017\/01\/IMG_3556-e1485896841111-225x300.jpg 225w, https:\/\/stemarie-derval.fr\/wp-content\/uploads\/2017\/01\/IMG_3556-e1485896841111.jpg 480w\" sizes=\"(max-width: 225px) 100vw, 225px\" \/><\/a><\/p>\n","protected":false},"excerpt":{"rendered":"<p>Jeudi 7 novembre 2016, nous sommes all\u00e9s \u00e0 la for\u00eat du G\u00e2vre\u00a0avec la classe de CP \/ CE1. Dans le cadre de notre projet d&rsquo;\u00e9cole \u00ab\u00a0l&rsquo;art dans tous ses \u00e9tats\u00a0\u00bb, nous avons exp\u00e9riment\u00e9 le land&rsquo;art.\u00a0Chaque enfant a apport\u00e9 sa touche personnelle \u00e0 l&rsquo;oeuvre collective. Les 3 groupes ont compos\u00e9 de jolis tableaux aux couleurs automnales<\/p>\n<p><a href=\"https:\/\/stemarie-derval.fr\/?p=556\" class=\"more-link themebutton\">Lire la suite<\/a><\/p>\n","protected":false},"author":1,"featured_media":0,"comment_status":"closed","ping_status":"closed","sticky":false,"template":"","format":"standard","meta":{"footnotes":""},"categories":[9],"tags":[],"_links":{"self":[{"href":"https:\/\/stemarie-derval.fr\/index.php?rest_route=\/wp\/v2\/posts\/556"}],"collection":[{"href":"https:\/\/stemarie-derval.fr\/index.php?rest_route=\/wp\/v2\/posts"}],"about":[{"href":"https:\/\/stemarie-derval.fr\/index.php?rest_route=\/wp\/v2\/types\/post"}],"author":[{"embeddable":true,"href":"https:\/\/stemarie-derval.fr\/index.php?rest_route=\/wp\/v2\/users\/1"}],"replies":[{"embeddable":true,"href":"https:\/\/stemarie-derval.fr\/index.php?rest_route=%2Fwp%2Fv2%2Fcomments&post=556"}],"version-history":[{"count":0,"href":"https:\/\/stemarie-derval.fr\/index.php?rest_route=\/wp\/v2\/posts\/556\/revisions"}],"wp:attachment":[{"href":"https:\/\/stemarie-derval.fr\/index.php?rest_route=%2Fwp%2Fv2%2Fmedia&parent=556"}],"wp:term":[{"taxonomy":"category","embeddable":true,"href":"https:\/\/stemarie-derval.fr\/index.php?rest_route=%2Fwp%2Fv2%2Fcategories&post=556"},{"taxonomy":"post_tag","embeddable":true,"href":"https:\/\/stemarie-derval.fr\/index.php?rest_route=%2Fwp%2Fv2%2Ftags&post=556"}],"curies":[{"name":"wp","href":"https:\/\/api.w.org\/{rel}","templated":true}]}}