{"id":601,"date":"2017-02-06T17:47:39","date_gmt":"2017-02-06T16:47:39","guid":{"rendered":"https:\/\/stemarie-derval.fr\/?p=601"},"modified":"2017-02-06T17:47:39","modified_gmt":"2017-02-06T16:47:39","slug":"ateliers-artistiques-avec-yonsoo-kang","status":"publish","type":"post","link":"https:\/\/stemarie-derval.fr\/?p=601","title":{"rendered":"Ateliers artistiques avec Yonsoo Kang"},"content":{"rendered":"<p>En lien avec notre projet d&rsquo;\u00e9cole <em>\u00ab\u00a0L&rsquo;art dans tous ses \u00e9tats\u00a0\u00bb,<\/em> nous avons particip\u00e9 \u00e0 des ateliers artistiques propos\u00e9s par la Communaut\u00e9 de Communes et le FRAC (le Fonds R\u00e9gional d&rsquo;Art Contemporain).<\/p>\n<p style=\"text-align: left;\">Nous avons tout d&rsquo;abord d\u00e9couvert l&rsquo;exposition \u00ab\u00a0Sur papier \u00a0\u00bb de l&rsquo;artiste Yonsoo Kang \u00e0 la m\u00e9diath\u00e8que de Derval.<a href=\"https:\/\/stemarie-derval.fr\/wp-content\/uploads\/2017\/02\/DSCN2737.jpg\"><img loading=\"lazy\" decoding=\"async\" class=\"size-medium wp-image-604 alignleft\" src=\"https:\/\/stemarie-derval.fr\/wp-content\/uploads\/2017\/02\/DSCN2737-300x225.jpg\" alt=\"\" width=\"300\" height=\"225\" srcset=\"https:\/\/stemarie-derval.fr\/wp-content\/uploads\/2017\/02\/DSCN2737-300x225.jpg 300w, https:\/\/stemarie-derval.fr\/wp-content\/uploads\/2017\/02\/DSCN2737-768x576.jpg 768w, https:\/\/stemarie-derval.fr\/wp-content\/uploads\/2017\/02\/DSCN2737-1024x768.jpg 1024w, https:\/\/stemarie-derval.fr\/wp-content\/uploads\/2017\/02\/DSCN2737.jpg 2048w\" sizes=\"(max-width: 300px) 100vw, 300px\" \/><\/a><\/p>\n<p>&nbsp;<\/p>\n<p>&nbsp;<\/p>\n<p>&nbsp;<\/p>\n<p>&nbsp;<\/p>\n<p>&nbsp;<\/p>\n<p>&nbsp;<\/p>\n<p>Ensuite, Yonsoo est venue dans notre classe lors de diff\u00e9rents ateliers pour travailler autour du dessin. Nous avons utilis\u00e9 diff\u00e9rents outils: les feutres, le fusain, l&rsquo;encre.<\/p>\n<p>Lors du dernier atelier, nous avons travaill\u00e9 \u00e0 partir des illustrations de l&rsquo;album \u00ab\u00a0Yakouba\u00a0\u00bb de Thierry Dedieu, que nous avions \u00e9tudi\u00e9 en classe.<\/p>\n<p>Nous avons ador\u00e9\u00a0travailler avec Yonsoo !!<\/p>\n<p><strong>Notre exp\u00e9rience se termine et nous vous invitons \u00e0 venir d\u00e9couvrir nos productions (et celles de 3\u00a0autres \u00e9coles qui ont particip\u00e9\u00a0\u00e9galement au projet)\u00a0qui sont expos\u00e9es \u00e0 la m\u00e9diath\u00e8que de Derval jusqu&rsquo;au 18 F\u00e9vrier.<\/strong><\/p>\n<p>[slideshow id=38]<\/p>\n<p>&nbsp;<\/p>\n<p>&nbsp;<\/p>\n","protected":false},"excerpt":{"rendered":"<p>En lien avec notre projet d&rsquo;\u00e9cole \u00ab\u00a0L&rsquo;art dans tous ses \u00e9tats\u00a0\u00bb, nous avons particip\u00e9 \u00e0 des ateliers artistiques propos\u00e9s par la Communaut\u00e9 de Communes et le FRAC (le Fonds R\u00e9gional d&rsquo;Art Contemporain). Nous avons tout d&rsquo;abord d\u00e9couvert l&rsquo;exposition \u00ab\u00a0Sur papier \u00a0\u00bb de l&rsquo;artiste Yonsoo Kang \u00e0 la m\u00e9diath\u00e8que de Derval. &nbsp; &nbsp; &nbsp; &nbsp; &nbsp;<\/p>\n<p><a href=\"https:\/\/stemarie-derval.fr\/?p=601\" class=\"more-link themebutton\">Lire la suite<\/a><\/p>\n","protected":false},"author":10,"featured_media":0,"comment_status":"closed","ping_status":"closed","sticky":false,"template":"","format":"standard","meta":{"footnotes":""},"categories":[5],"tags":[],"_links":{"self":[{"href":"https:\/\/stemarie-derval.fr\/index.php?rest_route=\/wp\/v2\/posts\/601"}],"collection":[{"href":"https:\/\/stemarie-derval.fr\/index.php?rest_route=\/wp\/v2\/posts"}],"about":[{"href":"https:\/\/stemarie-derval.fr\/index.php?rest_route=\/wp\/v2\/types\/post"}],"author":[{"embeddable":true,"href":"https:\/\/stemarie-derval.fr\/index.php?rest_route=\/wp\/v2\/users\/10"}],"replies":[{"embeddable":true,"href":"https:\/\/stemarie-derval.fr\/index.php?rest_route=%2Fwp%2Fv2%2Fcomments&post=601"}],"version-history":[{"count":0,"href":"https:\/\/stemarie-derval.fr\/index.php?rest_route=\/wp\/v2\/posts\/601\/revisions"}],"wp:attachment":[{"href":"https:\/\/stemarie-derval.fr\/index.php?rest_route=%2Fwp%2Fv2%2Fmedia&parent=601"}],"wp:term":[{"taxonomy":"category","embeddable":true,"href":"https:\/\/stemarie-derval.fr\/index.php?rest_route=%2Fwp%2Fv2%2Fcategories&post=601"},{"taxonomy":"post_tag","embeddable":true,"href":"https:\/\/stemarie-derval.fr\/index.php?rest_route=%2Fwp%2Fv2%2Ftags&post=601"}],"curies":[{"name":"wp","href":"https:\/\/api.w.org\/{rel}","templated":true}]}}