{"id":689,"date":"2017-02-26T18:32:37","date_gmt":"2017-02-26T17:32:37","guid":{"rendered":"https:\/\/stemarie-derval.fr\/?p=689"},"modified":"2017-02-26T18:32:37","modified_gmt":"2017-02-26T17:32:37","slug":"un-bon-moment-passe-avec-les-parents","status":"publish","type":"post","link":"https:\/\/stemarie-derval.fr\/?p=689","title":{"rendered":"Un bon moment pass\u00e9 avec les parents!"},"content":{"rendered":"<p>Apr\u00e9s une douzaine de s\u00e9ances de chants avec un intervenant musical, les enfants ont r\u00e9alis\u00e9 une jolie repr\u00e9sentation devant <a href=\"https:\/\/stemarie-derval.fr\/wp-content\/uploads\/2017\/02\/IMG_9673.jpg\"><img loading=\"lazy\" decoding=\"async\" class=\"alignright size-medium wp-image-688\" src=\"https:\/\/stemarie-derval.fr\/wp-content\/uploads\/2017\/02\/IMG_9673-300x200.jpg\" alt=\"\" width=\"300\" height=\"200\" srcset=\"https:\/\/stemarie-derval.fr\/wp-content\/uploads\/2017\/02\/IMG_9673-300x200.jpg 300w, https:\/\/stemarie-derval.fr\/wp-content\/uploads\/2017\/02\/IMG_9673-768x512.jpg 768w, https:\/\/stemarie-derval.fr\/wp-content\/uploads\/2017\/02\/IMG_9673-1024x683.jpg 1024w, https:\/\/stemarie-derval.fr\/wp-content\/uploads\/2017\/02\/IMG_9673-272x182.jpg 272w, https:\/\/stemarie-derval.fr\/wp-content\/uploads\/2017\/02\/IMG_9673.jpg 2048w\" sizes=\"(max-width: 300px) 100vw, 300px\" \/><\/a><a href=\"https:\/\/stemarie-derval.fr\/wp-content\/uploads\/2017\/02\/IMG_9681.jpg\"><img loading=\"lazy\" decoding=\"async\" class=\"alignright size-medium wp-image-690\" src=\"https:\/\/stemarie-derval.fr\/wp-content\/uploads\/2017\/02\/IMG_9681-300x200.jpg\" alt=\"\" width=\"300\" height=\"200\" srcset=\"https:\/\/stemarie-derval.fr\/wp-content\/uploads\/2017\/02\/IMG_9681-300x200.jpg 300w, https:\/\/stemarie-derval.fr\/wp-content\/uploads\/2017\/02\/IMG_9681-768x512.jpg 768w, https:\/\/stemarie-derval.fr\/wp-content\/uploads\/2017\/02\/IMG_9681-1024x683.jpg 1024w, https:\/\/stemarie-derval.fr\/wp-content\/uploads\/2017\/02\/IMG_9681-272x182.jpg 272w, https:\/\/stemarie-derval.fr\/wp-content\/uploads\/2017\/02\/IMG_9681.jpg 2048w\" sizes=\"(max-width: 300px) 100vw, 300px\" \/><\/a>les parents dont voici quelques photos&#8230;<\/p>\n","protected":false},"excerpt":{"rendered":"<p>Apr\u00e9s une douzaine de s\u00e9ances de chants avec un intervenant musical, les enfants ont r\u00e9alis\u00e9 une jolie repr\u00e9sentation devant les parents dont voici quelques photos&#8230;<\/p>\n","protected":false},"author":3,"featured_media":0,"comment_status":"closed","ping_status":"closed","sticky":false,"template":"","format":"standard","meta":{"footnotes":""},"categories":[4],"tags":[],"_links":{"self":[{"href":"https:\/\/stemarie-derval.fr\/index.php?rest_route=\/wp\/v2\/posts\/689"}],"collection":[{"href":"https:\/\/stemarie-derval.fr\/index.php?rest_route=\/wp\/v2\/posts"}],"about":[{"href":"https:\/\/stemarie-derval.fr\/index.php?rest_route=\/wp\/v2\/types\/post"}],"author":[{"embeddable":true,"href":"https:\/\/stemarie-derval.fr\/index.php?rest_route=\/wp\/v2\/users\/3"}],"replies":[{"embeddable":true,"href":"https:\/\/stemarie-derval.fr\/index.php?rest_route=%2Fwp%2Fv2%2Fcomments&post=689"}],"version-history":[{"count":0,"href":"https:\/\/stemarie-derval.fr\/index.php?rest_route=\/wp\/v2\/posts\/689\/revisions"}],"wp:attachment":[{"href":"https:\/\/stemarie-derval.fr\/index.php?rest_route=%2Fwp%2Fv2%2Fmedia&parent=689"}],"wp:term":[{"taxonomy":"category","embeddable":true,"href":"https:\/\/stemarie-derval.fr\/index.php?rest_route=%2Fwp%2Fv2%2Fcategories&post=689"},{"taxonomy":"post_tag","embeddable":true,"href":"https:\/\/stemarie-derval.fr\/index.php?rest_route=%2Fwp%2Fv2%2Ftags&post=689"}],"curies":[{"name":"wp","href":"https:\/\/api.w.org\/{rel}","templated":true}]}}