{"id":781,"date":"2017-04-03T21:47:09","date_gmt":"2017-04-03T19:47:09","guid":{"rendered":"https:\/\/stemarie-derval.fr\/?p=781"},"modified":"2017-04-03T21:47:40","modified_gmt":"2017-04-03T19:47:40","slug":"le-pingouin-du-pole-nord","status":"publish","type":"post","link":"https:\/\/stemarie-derval.fr\/?p=781","title":{"rendered":"Le pingouin du p\u00f4le nord"},"content":{"rendered":"<p>L&rsquo;hiver s&rsquo;est termin\u00e9 en musique pour notre classe! Voici un aper\u00e7u de notre chant \u00ab\u00a0le pingouin du p\u00f4le nord\u00a0\u00bb de Marie Henchoz.<\/p>\n<!--[if lt IE 9]><script>document.createElement('audio');<\/script><![endif]-->\n<audio class=\"wp-audio-shortcode\" id=\"audio-781-1\" preload=\"none\" style=\"width: 100%;\" controls=\"controls\"><source type=\"audio\/mpeg\" src=\"https:\/\/stemarie-derval.fr\/wp-content\/uploads\/2017\/04\/Le-pingouin-du-p\u00f4le-nord.m4a?_=1\" \/><a href=\"https:\/\/stemarie-derval.fr\/wp-content\/uploads\/2017\/04\/Le-pingouin-du-p\u00f4le-nord.m4a\">https:\/\/stemarie-derval.fr\/wp-content\/uploads\/2017\/04\/Le-pingouin-du-p\u00f4le-nord.m4a<\/a><\/audio>\n","protected":false},"excerpt":{"rendered":"<p>L&rsquo;hiver s&rsquo;est termin\u00e9 en musique pour notre classe! Voici un aper\u00e7u de notre chant \u00ab\u00a0le pingouin du p\u00f4le nord\u00a0\u00bb de Marie Henchoz.<\/p>\n","protected":false},"author":1,"featured_media":0,"comment_status":"closed","ping_status":"closed","sticky":false,"template":"","format":"standard","meta":{"footnotes":""},"categories":[9],"tags":[],"_links":{"self":[{"href":"https:\/\/stemarie-derval.fr\/index.php?rest_route=\/wp\/v2\/posts\/781"}],"collection":[{"href":"https:\/\/stemarie-derval.fr\/index.php?rest_route=\/wp\/v2\/posts"}],"about":[{"href":"https:\/\/stemarie-derval.fr\/index.php?rest_route=\/wp\/v2\/types\/post"}],"author":[{"embeddable":true,"href":"https:\/\/stemarie-derval.fr\/index.php?rest_route=\/wp\/v2\/users\/1"}],"replies":[{"embeddable":true,"href":"https:\/\/stemarie-derval.fr\/index.php?rest_route=%2Fwp%2Fv2%2Fcomments&post=781"}],"version-history":[{"count":0,"href":"https:\/\/stemarie-derval.fr\/index.php?rest_route=\/wp\/v2\/posts\/781\/revisions"}],"wp:attachment":[{"href":"https:\/\/stemarie-derval.fr\/index.php?rest_route=%2Fwp%2Fv2%2Fmedia&parent=781"}],"wp:term":[{"taxonomy":"category","embeddable":true,"href":"https:\/\/stemarie-derval.fr\/index.php?rest_route=%2Fwp%2Fv2%2Fcategories&post=781"},{"taxonomy":"post_tag","embeddable":true,"href":"https:\/\/stemarie-derval.fr\/index.php?rest_route=%2Fwp%2Fv2%2Ftags&post=781"}],"curies":[{"name":"wp","href":"https:\/\/api.w.org\/{rel}","templated":true}]}}