{"id":805,"date":"2017-05-01T20:56:04","date_gmt":"2017-05-01T18:56:04","guid":{"rendered":"https:\/\/stemarie-derval.fr\/?p=805"},"modified":"2017-05-01T20:56:04","modified_gmt":"2017-05-01T18:56:04","slug":"la-fete-des-100-jours-decole","status":"publish","type":"post","link":"https:\/\/stemarie-derval.fr\/?p=805","title":{"rendered":"La f\u00eate des 100 jours d&rsquo;\u00e9cole"},"content":{"rendered":"<p>Depuis la rentr\u00e9e, nous comptons les jours o\u00f9 nous venons \u00e0 l&rsquo;\u00e9cole. Le 7 avril, c&rsquo;est le 100\u00e8me jour d&rsquo;\u00e9cole !!!<\/p>\n<p>[slideshow id=64]<\/p>\n<p>Chacun a fait une collection de 100 objets.<\/p>\n<p>[nggallery id=61]<\/p>\n<p>Nous avons fait des g\u00e2teaux.<\/p>\n<p>[nggallery id=65]<\/p>\n<p>Nous les avons partag\u00e9s avec les amis de B\u00e9n\u00e9dicte.<\/p>\n<p>[nggallery id=66]<\/p>\n","protected":false},"excerpt":{"rendered":"<p>Depuis la rentr\u00e9e, nous comptons les jours o\u00f9 nous venons \u00e0 l&rsquo;\u00e9cole. Le 7 avril, c&rsquo;est le 100\u00e8me jour d&rsquo;\u00e9cole !!! [slideshow id=64] Chacun a fait une collection de 100 objets. [nggallery id=61] Nous avons fait des g\u00e2teaux. [nggallery id=65] Nous les avons partag\u00e9s avec les amis de B\u00e9n\u00e9dicte. [nggallery id=66]<\/p>\n","protected":false},"author":5,"featured_media":0,"comment_status":"closed","ping_status":"closed","sticky":false,"template":"","format":"standard","meta":{"footnotes":""},"categories":[10],"tags":[],"_links":{"self":[{"href":"https:\/\/stemarie-derval.fr\/index.php?rest_route=\/wp\/v2\/posts\/805"}],"collection":[{"href":"https:\/\/stemarie-derval.fr\/index.php?rest_route=\/wp\/v2\/posts"}],"about":[{"href":"https:\/\/stemarie-derval.fr\/index.php?rest_route=\/wp\/v2\/types\/post"}],"author":[{"embeddable":true,"href":"https:\/\/stemarie-derval.fr\/index.php?rest_route=\/wp\/v2\/users\/5"}],"replies":[{"embeddable":true,"href":"https:\/\/stemarie-derval.fr\/index.php?rest_route=%2Fwp%2Fv2%2Fcomments&post=805"}],"version-history":[{"count":0,"href":"https:\/\/stemarie-derval.fr\/index.php?rest_route=\/wp\/v2\/posts\/805\/revisions"}],"wp:attachment":[{"href":"https:\/\/stemarie-derval.fr\/index.php?rest_route=%2Fwp%2Fv2%2Fmedia&parent=805"}],"wp:term":[{"taxonomy":"category","embeddable":true,"href":"https:\/\/stemarie-derval.fr\/index.php?rest_route=%2Fwp%2Fv2%2Fcategories&post=805"},{"taxonomy":"post_tag","embeddable":true,"href":"https:\/\/stemarie-derval.fr\/index.php?rest_route=%2Fwp%2Fv2%2Ftags&post=805"}],"curies":[{"name":"wp","href":"https:\/\/api.w.org\/{rel}","templated":true}]}}