{"id":835,"date":"2017-05-15T20:39:26","date_gmt":"2017-05-15T18:39:26","guid":{"rendered":"https:\/\/stemarie-derval.fr\/?p=835"},"modified":"2017-05-15T20:39:26","modified_gmt":"2017-05-15T18:39:26","slug":"les-portraits-des-cm1-a-la-maniere-de-jean-dubuffet","status":"publish","type":"post","link":"https:\/\/stemarie-derval.fr\/?p=835","title":{"rendered":"Les portraits des CM1 \u00e0 la mani\u00e8re de Jean Dubuffet"},"content":{"rendered":"<p>Voici nos portraits r\u00e9alis\u00e9s en arts\u00a0 visuels. Nous nous sommes inspir\u00e9s de l&rsquo;\u0153uvre de l&rsquo;artiste Jean Dubuffet.\u00a0 <a href=\"https:\/\/stemarie-derval.fr\/wp-content\/uploads\/2017\/05\/DSCN3416.jpg\"><img loading=\"lazy\" decoding=\"async\" class=\"alignright size-medium wp-image-836\" src=\"https:\/\/stemarie-derval.fr\/wp-content\/uploads\/2017\/05\/DSCN3416-300x225.jpg\" alt=\"\" width=\"300\" height=\"225\" srcset=\"https:\/\/stemarie-derval.fr\/wp-content\/uploads\/2017\/05\/DSCN3416-300x225.jpg 300w, https:\/\/stemarie-derval.fr\/wp-content\/uploads\/2017\/05\/DSCN3416-768x576.jpg 768w, https:\/\/stemarie-derval.fr\/wp-content\/uploads\/2017\/05\/DSCN3416-1024x768.jpg 1024w, https:\/\/stemarie-derval.fr\/wp-content\/uploads\/2017\/05\/DSCN3416.jpg 2048w\" sizes=\"(max-width: 300px) 100vw, 300px\" \/><\/a> <a href=\"https:\/\/stemarie-derval.fr\/wp-content\/uploads\/2017\/05\/DSCN3417.jpg\"><img loading=\"lazy\" decoding=\"async\" class=\"alignright size-medium wp-image-837\" src=\"https:\/\/stemarie-derval.fr\/wp-content\/uploads\/2017\/05\/DSCN3417-300x225.jpg\" alt=\"\" width=\"300\" height=\"225\" srcset=\"https:\/\/stemarie-derval.fr\/wp-content\/uploads\/2017\/05\/DSCN3417-300x225.jpg 300w, https:\/\/stemarie-derval.fr\/wp-content\/uploads\/2017\/05\/DSCN3417-768x576.jpg 768w, https:\/\/stemarie-derval.fr\/wp-content\/uploads\/2017\/05\/DSCN3417-1024x768.jpg 1024w, https:\/\/stemarie-derval.fr\/wp-content\/uploads\/2017\/05\/DSCN3417.jpg 2048w\" sizes=\"(max-width: 300px) 100vw, 300px\" \/><\/a> <a href=\"https:\/\/stemarie-derval.fr\/wp-content\/uploads\/2017\/05\/DSCN3418.jpg\"><img loading=\"lazy\" decoding=\"async\" class=\"alignright size-medium wp-image-838\" src=\"https:\/\/stemarie-derval.fr\/wp-content\/uploads\/2017\/05\/DSCN3418-300x225.jpg\" alt=\"\" width=\"300\" height=\"225\" srcset=\"https:\/\/stemarie-derval.fr\/wp-content\/uploads\/2017\/05\/DSCN3418-300x225.jpg 300w, https:\/\/stemarie-derval.fr\/wp-content\/uploads\/2017\/05\/DSCN3418-768x576.jpg 768w, https:\/\/stemarie-derval.fr\/wp-content\/uploads\/2017\/05\/DSCN3418-1024x768.jpg 1024w, https:\/\/stemarie-derval.fr\/wp-content\/uploads\/2017\/05\/DSCN3418.jpg 2048w\" sizes=\"(max-width: 300px) 100vw, 300px\" \/><\/a><\/p>\n","protected":false},"excerpt":{"rendered":"<p>Voici nos portraits r\u00e9alis\u00e9s en arts\u00a0 visuels. Nous nous sommes inspir\u00e9s de l&rsquo;\u0153uvre de l&rsquo;artiste Jean Dubuffet.\u00a0<\/p>\n","protected":false},"author":10,"featured_media":0,"comment_status":"closed","ping_status":"closed","sticky":false,"template":"","format":"standard","meta":{"footnotes":""},"categories":[5],"tags":[],"_links":{"self":[{"href":"https:\/\/stemarie-derval.fr\/index.php?rest_route=\/wp\/v2\/posts\/835"}],"collection":[{"href":"https:\/\/stemarie-derval.fr\/index.php?rest_route=\/wp\/v2\/posts"}],"about":[{"href":"https:\/\/stemarie-derval.fr\/index.php?rest_route=\/wp\/v2\/types\/post"}],"author":[{"embeddable":true,"href":"https:\/\/stemarie-derval.fr\/index.php?rest_route=\/wp\/v2\/users\/10"}],"replies":[{"embeddable":true,"href":"https:\/\/stemarie-derval.fr\/index.php?rest_route=%2Fwp%2Fv2%2Fcomments&post=835"}],"version-history":[{"count":0,"href":"https:\/\/stemarie-derval.fr\/index.php?rest_route=\/wp\/v2\/posts\/835\/revisions"}],"wp:attachment":[{"href":"https:\/\/stemarie-derval.fr\/index.php?rest_route=%2Fwp%2Fv2%2Fmedia&parent=835"}],"wp:term":[{"taxonomy":"category","embeddable":true,"href":"https:\/\/stemarie-derval.fr\/index.php?rest_route=%2Fwp%2Fv2%2Fcategories&post=835"},{"taxonomy":"post_tag","embeddable":true,"href":"https:\/\/stemarie-derval.fr\/index.php?rest_route=%2Fwp%2Fv2%2Ftags&post=835"}],"curies":[{"name":"wp","href":"https:\/\/api.w.org\/{rel}","templated":true}]}}